{"id":38097,"date":"2021-05-26T12:18:41","date_gmt":"2021-05-26T15:18:41","guid":{"rendered":"http:\/\/vocesparalelas.com.ar\/sitio\/?p=38097"},"modified":"2021-05-27T20:32:20","modified_gmt":"2021-05-27T23:32:20","slug":"atencion-en-los-hospitales-y-centros-de-salud-en-el-ambito-publico-de-san-juan","status":"publish","type":"post","link":"https:\/\/vocesparalelas.com.ar\/sitio\/atencion-en-los-hospitales-y-centros-de-salud-en-el-ambito-publico-de-san-juan\/","title":{"rendered":"Atenci\u00f3n en los hospitales y centros de salud en el \u00e1mbito p\u00fablico de San Juan"},"content":{"rendered":"<p>Los centros de salud p\u00fablicos atienden emergencias y urgencias, con el debido ordenamiento en las salas de espera para evitar las aglomeraciones.<\/p>\n<p>Se mantiene la vacunaci\u00f3n antigripal. Los horarios de atenci\u00f3n en los mismos:<\/p>\n<ul>\n<li>Centros de salud con atenci\u00f3n matutina: de 7 a 13 hs.<\/li>\n<li>Centros de salud con atenci\u00f3n matutina y vespertina: de 7 a 16.30 hs<\/li>\n<\/ul>\n<p>La implementaci\u00f3n de esta franja horaria tiene como objetivo que la poblaci\u00f3n pueda continuar realizando su atenci\u00f3n sanitaria, teniendo en cuenta la coyuntura actual, que obliga a establecer periodos m\u00e1s reducidos de atenci\u00f3n.<\/p>\n<p>Esta reducci\u00f3n permite tener una menor circulaci\u00f3n y aglomeraci\u00f3n de personas, garantizando el cumplimiento de los protocolos.<\/p>\n<p>Estas acciones est\u00e1n dirigidas a salvaguardar la salud de la poblaci\u00f3n, apelando adem\u00e1s a la responsabilidad social y la colaboraci\u00f3n de los sanjuaninos.<\/p>\n<p><strong><span style=\"color: #008000;\">Recomendaciones generales<\/span><\/strong><\/p>\n<ul>\n<li>Uso permanente de cubrebocas en los pacientes.<\/li>\n<li>Pr\u00e1cticas de prevenci\u00f3n general:\n<ul>\n<li>Mantener el distanciamiento en sala de espera, mostrador, en consultorio con distancia de 2 metros o m\u00e1s<\/li>\n<li>Disponer de elementos de higiene en todas las \u00e1reas; alcohol en gel y toalla de papel para los pacientes<\/li>\n<li>Ventilaci\u00f3n cada 1 a 2 horas de todos los ambientes.<\/li>\n<li>Limpieza y desinfecci\u00f3n de pisos y superficies siguiendo los procedimientos y uso de elementos sugeridos por ministerio de salud.<\/li>\n<\/ul>\n<\/li>\n<\/ul>\n<p><span style=\"color: #008000;\"><strong>Ssuspensi\u00f3n de ciriug\u00edas programadas en el \u00e1mbito p\u00fablico y privado<\/strong><\/span><\/p>\n<p>Desde el Comit\u00e9 Operativo de Emergencias &#8211; COE &#8211; del Ministerio de Salud P\u00fablica propone adecuar y reprogramar la atenci\u00f3n sanitaria, suspendiendo las cirug\u00edas programadas por el t\u00e9rmino de 30 d\u00edas priorizando la realizaci\u00f3n de prestaciones quir\u00fargicas urgente Y emergentes y las oncol\u00f3gicas que no puedan ser postergadas.<\/p>\n","protected":false},"excerpt":{"rendered":"<p>Los centros de salud p\u00fablicos atienden emergencias y urgencias, con el debido ordenamiento en las salas de espera para evitar<\/p>\n","protected":false},"author":3,"featured_media":38099,"comment_status":"closed","ping_status":"closed","sticky":false,"template":"","format":"standard","meta":{"_acf_changed":false,"_seopress_robots_primary_cat":"none","_seopress_titles_title":"","_seopress_titles_desc":"","_seopress_robots_index":"","colormag_page_container_layout":"default_layout","colormag_page_sidebar_layout":"default_layout","footnotes":""},"categories":[6],"tags":[],"class_list":["post-38097","post","type-post","status-publish","format-standard","has-post-thumbnail","hentry","category-eventos"],"acf":[],"_links":{"self":[{"href":"https:\/\/vocesparalelas.com.ar\/sitio\/wp-json\/wp\/v2\/posts\/38097","targetHints":{"allow":["GET"]}}],"collection":[{"href":"https:\/\/vocesparalelas.com.ar\/sitio\/wp-json\/wp\/v2\/posts"}],"about":[{"href":"https:\/\/vocesparalelas.com.ar\/sitio\/wp-json\/wp\/v2\/types\/post"}],"author":[{"embeddable":true,"href":"https:\/\/vocesparalelas.com.ar\/sitio\/wp-json\/wp\/v2\/users\/3"}],"replies":[{"embeddable":true,"href":"https:\/\/vocesparalelas.com.ar\/sitio\/wp-json\/wp\/v2\/comments?post=38097"}],"version-history":[{"count":1,"href":"https:\/\/vocesparalelas.com.ar\/sitio\/wp-json\/wp\/v2\/posts\/38097\/revisions"}],"predecessor-version":[{"id":38100,"href":"https:\/\/vocesparalelas.com.ar\/sitio\/wp-json\/wp\/v2\/posts\/38097\/revisions\/38100"}],"wp:featuredmedia":[{"embeddable":true,"href":"https:\/\/vocesparalelas.com.ar\/sitio\/wp-json\/wp\/v2\/media\/38099"}],"wp:attachment":[{"href":"https:\/\/vocesparalelas.com.ar\/sitio\/wp-json\/wp\/v2\/media?parent=38097"}],"wp:term":[{"taxonomy":"category","embeddable":true,"href":"https:\/\/vocesparalelas.com.ar\/sitio\/wp-json\/wp\/v2\/categories?post=38097"},{"taxonomy":"post_tag","embeddable":true,"href":"https:\/\/vocesparalelas.com.ar\/sitio\/wp-json\/wp\/v2\/tags?post=38097"}],"curies":[{"name":"wp","href":"https:\/\/api.w.org\/{rel}","templated":true}]}}