{"id":38091,"date":"2021-05-26T11:59:52","date_gmt":"2021-05-26T14:59:52","guid":{"rendered":"http:\/\/vocesparalelas.com.ar\/sitio\/?p=38091"},"modified":"2021-05-26T12:04:06","modified_gmt":"2021-05-26T15:04:06","slug":"hacia-la-construccion-de-la-central-de-policia-de-san-juan-con-11-proyectos-presentados-en-el-concurso","status":"publish","type":"post","link":"https:\/\/vocesparalelas.com.ar\/sitio\/hacia-la-construccion-de-la-central-de-policia-de-san-juan-con-11-proyectos-presentados-en-el-concurso\/","title":{"rendered":"Hacia la construcci\u00f3n de la Central de Polic\u00eda de San Juan con 11 proyectos presentados en el Concurso"},"content":{"rendered":"<p>Con la presentaci\u00f3n de once trabajos, se cerr\u00f3 esta etapa del concurso lanzado por la Secretar\u00eda de Estado de Seguridad y Orden P\u00fablico, junto al Ministerio de Obras y Servicios P\u00fablicos, y el Colegio de Arquitectos de San Juan para la construcci\u00f3n de la nueva Central de Polic\u00eda.<\/p>\n<p>El secretario de Estado de Seguridad, Dr. Carlos Munisaga, resalt\u00f3 que \u00abel avance del proceso que culmina con la concreci\u00f3n de tan anhelada obra que es parte del plan de seguridad y modernizaci\u00f3n que lleva adelante el gobierno encabezado por el gobernador U\u00f1ac\u201d. Destac\u00f3 tambi\u00e9n el buen n\u00famero de proyectos \u201cEstos once trabajos son de profesionales sanjuaninos ya que as\u00ed estaba estipulado en las bases\u201d.<\/p>\n<p>De acuerdo al cronograma fijado, que debi\u00f3 retrasarse por pedido de los participantes ya que originalmente estaba previsto que el cierre fuera el 30 de abril, dentro de las 72 horas h\u00e1biles posteriores al cierre se convocar\u00e1 al jurado que deber\u00e1 emitir su fallo.<\/p>\n<p>El jurado estar\u00e1 integrado por siete miembros:<\/p>\n<ul>\n<li>Un arquitecto por la Secretar\u00eda de Estado de Seguridad y Orden P\u00fablico.<\/li>\n<li>Dos arquitectos por el Ministerio de Obras y Servicios P\u00fablicos.<\/li>\n<li>Un arquitecto en representaci\u00f3n del Colegio de Jurados para FADEA, del Colegio de Arquitectos de San Juan.<\/li>\n<li>Un arquitecto representante de la Federaci\u00f3n Argentina de Entidades de Arquitectos.<\/li>\n<li>Un arquitecto elegido por los participantes.<\/li>\n<li>Un representante de la Polic\u00eda de la Provincia de San Juan.<\/li>\n<\/ul>\n<p>Finalizado este proceso, se convocar\u00e1 a un acto p\u00fablico donde se abrir\u00e1n los sobres donde conste el\/los nombre\/s del\/los propietario\/s de los trabajos premiados.<\/p>\n","protected":false},"excerpt":{"rendered":"<p>Con la presentaci\u00f3n de once trabajos, se cerr\u00f3 esta etapa del concurso lanzado por la Secretar\u00eda de Estado de Seguridad<\/p>\n","protected":false},"author":3,"featured_media":38094,"comment_status":"closed","ping_status":"closed","sticky":false,"template":"","format":"standard","meta":{"_acf_changed":false,"_seopress_robots_primary_cat":"none","_seopress_titles_title":"","_seopress_titles_desc":"","_seopress_robots_index":"","colormag_page_container_layout":"default_layout","colormag_page_sidebar_layout":"default_layout","footnotes":""},"categories":[1],"tags":[],"class_list":["post-38091","post","type-post","status-publish","format-standard","has-post-thumbnail","hentry","category-destacadas"],"acf":[],"_links":{"self":[{"href":"https:\/\/vocesparalelas.com.ar\/sitio\/wp-json\/wp\/v2\/posts\/38091","targetHints":{"allow":["GET"]}}],"collection":[{"href":"https:\/\/vocesparalelas.com.ar\/sitio\/wp-json\/wp\/v2\/posts"}],"about":[{"href":"https:\/\/vocesparalelas.com.ar\/sitio\/wp-json\/wp\/v2\/types\/post"}],"author":[{"embeddable":true,"href":"https:\/\/vocesparalelas.com.ar\/sitio\/wp-json\/wp\/v2\/users\/3"}],"replies":[{"embeddable":true,"href":"https:\/\/vocesparalelas.com.ar\/sitio\/wp-json\/wp\/v2\/comments?post=38091"}],"version-history":[{"count":3,"href":"https:\/\/vocesparalelas.com.ar\/sitio\/wp-json\/wp\/v2\/posts\/38091\/revisions"}],"predecessor-version":[{"id":38096,"href":"https:\/\/vocesparalelas.com.ar\/sitio\/wp-json\/wp\/v2\/posts\/38091\/revisions\/38096"}],"wp:featuredmedia":[{"embeddable":true,"href":"https:\/\/vocesparalelas.com.ar\/sitio\/wp-json\/wp\/v2\/media\/38094"}],"wp:attachment":[{"href":"https:\/\/vocesparalelas.com.ar\/sitio\/wp-json\/wp\/v2\/media?parent=38091"}],"wp:term":[{"taxonomy":"category","embeddable":true,"href":"https:\/\/vocesparalelas.com.ar\/sitio\/wp-json\/wp\/v2\/categories?post=38091"},{"taxonomy":"post_tag","embeddable":true,"href":"https:\/\/vocesparalelas.com.ar\/sitio\/wp-json\/wp\/v2\/tags?post=38091"}],"curies":[{"name":"wp","href":"https:\/\/api.w.org\/{rel}","templated":true}]}}