{"id":38086,"date":"2021-05-26T00:46:34","date_gmt":"2021-05-26T03:46:34","guid":{"rendered":"http:\/\/vocesparalelas.com.ar\/sitio\/?p=38086"},"modified":"2021-05-26T00:46:34","modified_gmt":"2021-05-26T03:46:34","slug":"211-aniversario-de-la-revolucion-de-mayo","status":"publish","type":"post","link":"https:\/\/vocesparalelas.com.ar\/sitio\/211-aniversario-de-la-revolucion-de-mayo\/","title":{"rendered":"211\u00b0 aniversario de la Revoluci\u00f3n de Mayo"},"content":{"rendered":"<p>En la jornada de este martes 25 de mayo, el gobernador Dr. Sergio U\u00f1ac realiz\u00f3 el izamiento de la Bandera Argentina para conmemorar los 211 a\u00f1os de la Revoluci\u00f3n de Mayo.<\/p>\n<p>De este encuentro, en el que hubo cumplimiento estricto del protocolo sanitario por la pandemia de COVID-19, estuvieron presentes adem\u00e1s, el vicegobernador Roberto Gattoni; el presidente de la Corte de Justicia de San Juan, Daniel Olivares Yapur y el intendente de la Capital, Emilio Baistrocchi.<\/p>\n<p>En este marco, el gobernador U\u00f1ac dijo que \u201ccumplimos con un acto patrio de una manera distinta porque no lo permite la situaci\u00f3n sanitaria, los protocolos y las medidas dispuestas recientemente. Pero la historia de nuestro pa\u00eds merece que podamos recordar un hecho tan importante\u201d.<\/p>\n<p>Por su lado, el vicegobernador Roberto Gattoni afirm\u00f3 que \u201cest\u00e1 la necesidad de recordar la historia de los h\u00e9roes de Mayo y enviar un mensaje de esperanza en un d\u00eda especial\u201d.<\/p>\n<p>En consonancia a estas declaraciones, el intendente Baistrocchi asegur\u00f3 que \u201cestamos conmemorando de alguna manera la Revoluci\u00f3n de Mayo en este contexto que nos toca vivir. Tenemos que hacerlo de manera prudente, de manera cuidada, pero no por eso dejamos de conmemorar estos hechos que fueron trascendentes para nuestro pa\u00eds\u201d.<\/p>\n<p>Cabe destacar que durante esta jornada se conmemora la constituci\u00f3n del primer gobierno criollo del Cabildo de Buenos Aires de 1810. Fue cuando se destituy\u00f3 al virrey Baltasar Hidalgo de Cisneros para ser reemplazado por la Primera Junta de Gobierno.<\/p>\n<p>La primera junta estuvo conformada por Cornelio Saavedra; Juan Jos\u00e9 Castelli; Manuel Belgrano; Miguel de Azcu\u00e9naga; Manuel Alberti; Domingo Matheu; Juan Larrea; Juan Jos\u00e9 Paso y Mariano Moreno.<\/p>\n<p>Si bien la fecha m\u00e1s recordada es la del 25 de mayo de 1810, se trat\u00f3 de una serie de eventos que ocurrieron durante la llamada Semana de Mayo. Luego de una semana en la que tuvieron lugar muchos sucesos, ese d\u00eda se conform\u00f3 el primer gobierno criollo en el Cabildo de Buenos Aires. Con la creaci\u00f3n de esta Junta Revolucionaria se dej\u00f3 atr\u00e1s la figura del virreinato y la dependencia de Espa\u00f1a.<\/p>\n<p>&nbsp;<\/p>\n<p><iframe loading=\"lazy\" title=\"SAN JUAN 25 DE MAYO\" width=\"800\" height=\"450\" src=\"https:\/\/www.youtube.com\/embed\/otj0IJUUMsE?feature=oembed\" frameborder=\"0\" allow=\"accelerometer; autoplay; clipboard-write; encrypted-media; gyroscope; picture-in-picture\" allowfullscreen><\/iframe><\/p>\n<p>&nbsp;<\/p>\n<p>&nbsp;<\/p>\n<p>&nbsp;<\/p>\n<p>&nbsp;<\/p>\n","protected":false},"excerpt":{"rendered":"<p>En la jornada de este martes 25 de mayo, el gobernador Dr. Sergio U\u00f1ac realiz\u00f3 el izamiento de la Bandera<\/p>\n","protected":false},"author":3,"featured_media":38088,"comment_status":"closed","ping_status":"closed","sticky":false,"template":"","format":"video","meta":{"_acf_changed":false,"_seopress_robots_primary_cat":"none","_seopress_titles_title":"","_seopress_titles_desc":"","_seopress_robots_index":"","colormag_page_container_layout":"default_layout","colormag_page_sidebar_layout":"default_layout","footnotes":""},"categories":[1,7],"tags":[],"class_list":["post-38086","post","type-post","status-publish","format-video","has-post-thumbnail","hentry","category-destacadas","category-videos","post_format-post-format-video"],"acf":[],"_links":{"self":[{"href":"https:\/\/vocesparalelas.com.ar\/sitio\/wp-json\/wp\/v2\/posts\/38086","targetHints":{"allow":["GET"]}}],"collection":[{"href":"https:\/\/vocesparalelas.com.ar\/sitio\/wp-json\/wp\/v2\/posts"}],"about":[{"href":"https:\/\/vocesparalelas.com.ar\/sitio\/wp-json\/wp\/v2\/types\/post"}],"author":[{"embeddable":true,"href":"https:\/\/vocesparalelas.com.ar\/sitio\/wp-json\/wp\/v2\/users\/3"}],"replies":[{"embeddable":true,"href":"https:\/\/vocesparalelas.com.ar\/sitio\/wp-json\/wp\/v2\/comments?post=38086"}],"version-history":[{"count":1,"href":"https:\/\/vocesparalelas.com.ar\/sitio\/wp-json\/wp\/v2\/posts\/38086\/revisions"}],"predecessor-version":[{"id":38089,"href":"https:\/\/vocesparalelas.com.ar\/sitio\/wp-json\/wp\/v2\/posts\/38086\/revisions\/38089"}],"wp:featuredmedia":[{"embeddable":true,"href":"https:\/\/vocesparalelas.com.ar\/sitio\/wp-json\/wp\/v2\/media\/38088"}],"wp:attachment":[{"href":"https:\/\/vocesparalelas.com.ar\/sitio\/wp-json\/wp\/v2\/media?parent=38086"}],"wp:term":[{"taxonomy":"category","embeddable":true,"href":"https:\/\/vocesparalelas.com.ar\/sitio\/wp-json\/wp\/v2\/categories?post=38086"},{"taxonomy":"post_tag","embeddable":true,"href":"https:\/\/vocesparalelas.com.ar\/sitio\/wp-json\/wp\/v2\/tags?post=38086"}],"curies":[{"name":"wp","href":"https:\/\/api.w.org\/{rel}","templated":true}]}}