{"id":38080,"date":"2021-05-25T23:55:34","date_gmt":"2021-05-26T02:55:34","guid":{"rendered":"http:\/\/vocesparalelas.com.ar\/sitio\/?p=38080"},"modified":"2021-05-25T23:57:38","modified_gmt":"2021-05-26T02:57:38","slug":"50-anos-al-servicio-de-san-juan-del-hospital-dr-marcial-quiroga","status":"publish","type":"post","link":"https:\/\/vocesparalelas.com.ar\/sitio\/50-anos-al-servicio-de-san-juan-del-hospital-dr-marcial-quiroga\/","title":{"rendered":"50 a\u00f1os al servicio de San Juan del Hospital Dr. Marcial Quiroga"},"content":{"rendered":"<p>El 25 de mayo de 1971, en la esquina de Avda. Libertador General San Mart\u00edn y Rastreador Calivar, Departamento Rivadavia, se inaugur\u00f3 el Hospital Dr. Marcial V. Quiroga, en homenaje a un destacado m\u00e9dico cient\u00edfico.<\/p>\n<p>Uno de los \u00edconos m\u00e1s grandes e importantes en cuanto a la atenci\u00f3n m\u00e9dica de los sanjuaninos. Hoy, 50 a\u00f1os despu\u00e9s, sigue creciendo humanamente y en infraestructura para continuar siendo el nosocomio de referencia para todos los habitantes de esta provincia.<\/p>\n<p>Las bodas de oro llegan a pocos meses de la inauguraci\u00f3n de un nuevo edificio de aproximadamente 5.500 m2 que marcar\u00e1 la ampliaci\u00f3n del Hospital Marcial Quiroga. Los cambios en el sistema de salud, la obligaci\u00f3n de dar respuestas a los pacientes en base a los avances que la medicina ofrece, y proyectarse en un servicio con mejor calidad de atenci\u00f3n es la tarea inmediata.<\/p>\n<p><img loading=\"lazy\" decoding=\"async\" class=\"alignnone wp-image-35284 size-full\" src=\"https:\/\/vocesparalelas.com.ar\/sitio\/wp-content\/uploads\/2021\/02\/HOSPITAL-MARCIAL-01.jpg\" alt=\"\" width=\"800\" height=\"600\" srcset=\"https:\/\/vocesparalelas.com.ar\/sitio\/wp-content\/uploads\/2021\/02\/HOSPITAL-MARCIAL-01.jpg 800w, https:\/\/vocesparalelas.com.ar\/sitio\/wp-content\/uploads\/2021\/02\/HOSPITAL-MARCIAL-01-300x225.jpg 300w, https:\/\/vocesparalelas.com.ar\/sitio\/wp-content\/uploads\/2021\/02\/HOSPITAL-MARCIAL-01-768x576.jpg 768w\" sizes=\"auto, (max-width: 800px) 100vw, 800px\" \/><\/p>\n<p>Se cumplen 50 a\u00f1os brindando salud, humanizaci\u00f3n y creciendo de la mano de miles de sanjuaninos que pasaron por sus pasillos, consultorios, quir\u00f3fanos y habitaciones por una simple dolencia o una situaci\u00f3n de gravedad extrema.<\/p>\n<p>Hoy, debido a la situaci\u00f3n reinante de pandemia por COVID-19 y el actual confinamiento para frenar el aumento de casos, la celebraci\u00f3n no podr\u00e1 realizarse en la medida que el Hospital de todos los sanjuaninos se merece.<\/p>\n<p>No obstante, como su cincuentenario lo merece, se desarrolla una serie de actividades virtuales durante toda la semana que tiene su eje en el aniversario, en lo que fue y hoy es un hospital de referencia, con proyecci\u00f3n de videos y testimonios. Todo se difunde por las redes sociales del Hospital Marcial Quiroga.<\/p>\n<p><iframe loading=\"lazy\" title=\"50 A\u00d1OS HOSPITAL DR. MARCIAL QUIROGA\" width=\"800\" height=\"600\" src=\"https:\/\/www.youtube.com\/embed\/PhVDuNeBi7o?feature=oembed\" frameborder=\"0\" allow=\"accelerometer; autoplay; clipboard-write; encrypted-media; gyroscope; picture-in-picture\" allowfullscreen><\/iframe><\/p>\n<p>&nbsp;<\/p>\n<p>&nbsp;<\/p>\n<p>&nbsp;<\/p>\n<p>&nbsp;<\/p>\n","protected":false},"excerpt":{"rendered":"<p>El 25 de mayo de 1971, en la esquina de Avda. Libertador General San Mart\u00edn y Rastreador Calivar, Departamento Rivadavia,<\/p>\n","protected":false},"author":3,"featured_media":7500,"comment_status":"closed","ping_status":"closed","sticky":false,"template":"","format":"video","meta":{"_acf_changed":false,"_seopress_robots_primary_cat":"none","_seopress_titles_title":"","_seopress_titles_desc":"","_seopress_robots_index":"","colormag_page_container_layout":"default_layout","colormag_page_sidebar_layout":"default_layout","footnotes":""},"categories":[1,7],"tags":[],"class_list":["post-38080","post","type-post","status-publish","format-video","has-post-thumbnail","hentry","category-destacadas","category-videos","post_format-post-format-video"],"acf":[],"_links":{"self":[{"href":"https:\/\/vocesparalelas.com.ar\/sitio\/wp-json\/wp\/v2\/posts\/38080","targetHints":{"allow":["GET"]}}],"collection":[{"href":"https:\/\/vocesparalelas.com.ar\/sitio\/wp-json\/wp\/v2\/posts"}],"about":[{"href":"https:\/\/vocesparalelas.com.ar\/sitio\/wp-json\/wp\/v2\/types\/post"}],"author":[{"embeddable":true,"href":"https:\/\/vocesparalelas.com.ar\/sitio\/wp-json\/wp\/v2\/users\/3"}],"replies":[{"embeddable":true,"href":"https:\/\/vocesparalelas.com.ar\/sitio\/wp-json\/wp\/v2\/comments?post=38080"}],"version-history":[{"count":3,"href":"https:\/\/vocesparalelas.com.ar\/sitio\/wp-json\/wp\/v2\/posts\/38080\/revisions"}],"predecessor-version":[{"id":38085,"href":"https:\/\/vocesparalelas.com.ar\/sitio\/wp-json\/wp\/v2\/posts\/38080\/revisions\/38085"}],"wp:featuredmedia":[{"embeddable":true,"href":"https:\/\/vocesparalelas.com.ar\/sitio\/wp-json\/wp\/v2\/media\/7500"}],"wp:attachment":[{"href":"https:\/\/vocesparalelas.com.ar\/sitio\/wp-json\/wp\/v2\/media?parent=38080"}],"wp:term":[{"taxonomy":"category","embeddable":true,"href":"https:\/\/vocesparalelas.com.ar\/sitio\/wp-json\/wp\/v2\/categories?post=38080"},{"taxonomy":"post_tag","embeddable":true,"href":"https:\/\/vocesparalelas.com.ar\/sitio\/wp-json\/wp\/v2\/tags?post=38080"}],"curies":[{"name":"wp","href":"https:\/\/api.w.org\/{rel}","templated":true}]}}