{"id":38071,"date":"2021-05-24T21:53:17","date_gmt":"2021-05-25T00:53:17","guid":{"rendered":"http:\/\/vocesparalelas.com.ar\/sitio\/?p=38071"},"modified":"2021-05-27T00:08:42","modified_gmt":"2021-05-27T03:08:42","slug":"se-reprograman-actividades-y-se-modifica-la-modalidad-de-trabajo-educativo-por-el-confinamiento-sanitarios-en-san-juan","status":"publish","type":"post","link":"https:\/\/vocesparalelas.com.ar\/sitio\/se-reprograman-actividades-y-se-modifica-la-modalidad-de-trabajo-educativo-por-el-confinamiento-sanitarios-en-san-juan\/","title":{"rendered":"Se reprograman actividades y se modifica la modalidad de trabajo educativo por el confinamiento sanitarios en San Juan"},"content":{"rendered":"<p>Ante las medidas de confinamiento estricto implementadas por el Poder Ejecutivo nacional y provincial en resguardo de la salud de la poblaci\u00f3n, el Ministerio de Educaci\u00f3n del Gobierno de San Juan informa:<\/p>\n<ol>\n<li>Los actos de llamados y ofrecimientos de cargos son reprogramados e informados con la antelaci\u00f3n necesaria por la Junta de Clasificaci\u00f3n Docente Rama Primaria, la Junta de Clasificaci\u00f3n Docente Rama Media y Superior, la Junta de Clasificaci\u00f3n Docente Rama T\u00e9cnica, Agrot\u00e9cnica, Monot\u00e9cnica, de Formaci\u00f3n Profesional y Capacitaci\u00f3n Laboral y la Junta de Calificaci\u00f3n y Clasificaci\u00f3n de Gabinetes T\u00e9cnicos Interdisciplinarios de Educaci\u00f3n.<\/li>\n<li>La modalidad educativa a partir del 26 de Mayo es virtual. Cada instituci\u00f3n educativa opta por la plataforma m\u00e1s adecuada para su comunidad educativa, sea en forma virtual a trav\u00e9s de las plataformas \u201cNuestra Aula en L\u00ednea\u201d e INNOVATEC las instituciones de gesti\u00f3n estatal o por plataformas propias instituciones de gesti\u00f3n privada, la modalidad ser\u00e1 comunicada a padres y estudiantes de cada instituci\u00f3n. Adem\u00e1s se contin\u00faa con un intensivo proceso de capacitaci\u00f3n a docentes, estudiantes y familias.<\/li>\n<li>Para los estudiantes sin conectividad cada instituci\u00f3n educativa informa el modo en que hace la entrega respectiva a los estudiantes en formato papel u otros medios alternativos.<\/li>\n<li>Adem\u00e1s, se comunica al personal contratado de Servicios Generales y administrativos que deben presentar facturas desde el Lunes, 24 de Mayo, que se suspende y se reprograma el cronograma de recepci\u00f3n.<\/li>\n<li>La entrega de m\u00f3dulos alimentarios y meriendas secas, correspondientes a Comedores Escolares, el Ministerio de Desarrollo Humano los entrega la semana pr\u00f3xima.<\/li>\n<\/ol>\n<p><span style=\"color: #339966;\"><strong>Indicaciones espec\u00edficas para el personal que se desempe\u00f1a en el Ministerio de Educaci\u00f3n<\/strong><\/span><\/p>\n<p>Con el objetivo de evitar la concurrencia masiva del 26 al 28 de mayo, queda suspendida la atenci\u00f3n al p\u00fablico en forma presencial en la Administraci\u00f3n P\u00fablica Provincial, por tal raz\u00f3n el funcionamiento del Ministerio de Educaci\u00f3n es el siguiente:<\/p>\n<p>Se trabaja de 8:30 a 13 horas con guardias m\u00ednimas presenciales y el resto del personal desarrolla trabajo remoto, a los fines de garantizar el funcionamiento del Ministerio. Cada jefatura de unidad debe determinar y comunicar el grupo de agentes que asiste el Mi\u00e9rcoles, 26 de Mayo, el grupo del Jueves, 27 y el del Viernes, 28 de Mayo .<\/p>\n<p>La Direcci\u00f3n de Control Operativo inform\u00f3 que el personal que integre los grupos de guardias m\u00ednimas debe:<\/p>\n<ul>\n<li>Ingresar obligatoriamente con credencial identificatoria con firma autorizada.<\/li>\n<li>Acceder conforme a ubicaci\u00f3n de oficinas de cada agente: por avenida Libertador quienes concurran a espacios entre n\u00facleos 1 al 6. Por Plaza Seca quienes se dirijan a oficinas localizadas del n\u00facleo 7 al 8.<\/li>\n<\/ul>\n<p>Se advierte que deben cumplir estrictamente con los protocolos preventivos sanitarios vigentes.<\/p>\n<p>&nbsp;<\/p>\n<p>&nbsp;<\/p>\n<p>&nbsp;<\/p>\n","protected":false},"excerpt":{"rendered":"<p>Ante las medidas de confinamiento estricto implementadas por el Poder Ejecutivo nacional y provincial en resguardo de la salud de<\/p>\n","protected":false},"author":3,"featured_media":28629,"comment_status":"closed","ping_status":"closed","sticky":false,"template":"","format":"standard","meta":{"_acf_changed":false,"_seopress_robots_primary_cat":"none","_seopress_titles_title":"","_seopress_titles_desc":"","_seopress_robots_index":"","colormag_page_container_layout":"default_layout","colormag_page_sidebar_layout":"default_layout","footnotes":""},"categories":[5],"tags":[],"class_list":["post-38071","post","type-post","status-publish","format-standard","has-post-thumbnail","hentry","category-ofrecimientos"],"acf":[],"_links":{"self":[{"href":"https:\/\/vocesparalelas.com.ar\/sitio\/wp-json\/wp\/v2\/posts\/38071","targetHints":{"allow":["GET"]}}],"collection":[{"href":"https:\/\/vocesparalelas.com.ar\/sitio\/wp-json\/wp\/v2\/posts"}],"about":[{"href":"https:\/\/vocesparalelas.com.ar\/sitio\/wp-json\/wp\/v2\/types\/post"}],"author":[{"embeddable":true,"href":"https:\/\/vocesparalelas.com.ar\/sitio\/wp-json\/wp\/v2\/users\/3"}],"replies":[{"embeddable":true,"href":"https:\/\/vocesparalelas.com.ar\/sitio\/wp-json\/wp\/v2\/comments?post=38071"}],"version-history":[{"count":1,"href":"https:\/\/vocesparalelas.com.ar\/sitio\/wp-json\/wp\/v2\/posts\/38071\/revisions"}],"predecessor-version":[{"id":38073,"href":"https:\/\/vocesparalelas.com.ar\/sitio\/wp-json\/wp\/v2\/posts\/38071\/revisions\/38073"}],"wp:featuredmedia":[{"embeddable":true,"href":"https:\/\/vocesparalelas.com.ar\/sitio\/wp-json\/wp\/v2\/media\/28629"}],"wp:attachment":[{"href":"https:\/\/vocesparalelas.com.ar\/sitio\/wp-json\/wp\/v2\/media?parent=38071"}],"wp:term":[{"taxonomy":"category","embeddable":true,"href":"https:\/\/vocesparalelas.com.ar\/sitio\/wp-json\/wp\/v2\/categories?post=38071"},{"taxonomy":"post_tag","embeddable":true,"href":"https:\/\/vocesparalelas.com.ar\/sitio\/wp-json\/wp\/v2\/tags?post=38071"}],"curies":[{"name":"wp","href":"https:\/\/api.w.org\/{rel}","templated":true}]}}