{"id":38064,"date":"2021-05-23T19:54:35","date_gmt":"2021-05-23T22:54:35","guid":{"rendered":"http:\/\/vocesparalelas.com.ar\/sitio\/?p=38064"},"modified":"2021-05-27T00:15:43","modified_gmt":"2021-05-27T03:15:43","slug":"congreso-internacional-de-educacion-ambiental-debates-y-desafios-de-la-educacion-ambiental-como-politica-publica-educar-por-el-planeta","status":"publish","type":"post","link":"https:\/\/vocesparalelas.com.ar\/sitio\/congreso-internacional-de-educacion-ambiental-debates-y-desafios-de-la-educacion-ambiental-como-politica-publica-educar-por-el-planeta\/","title":{"rendered":"Congreso Internacional de Educaci\u00f3n Ambiental \u201cDebates y desaf\u00edos de la educaci\u00f3n ambiental como pol\u00edtica p\u00fablica. Educar por el planeta\u201d"},"content":{"rendered":"<p>El Congreso Internacional de Educaci\u00f3n Ambiental \u201cDebates y desaf\u00edos de la educaci\u00f3n<br \/>\nambiental como pol\u00edtica p\u00fablica. Educar por el planeta\u201d, organizado por CTERA, se realiza<br \/>\ndurante el 4 y 5 de Junio de 2021, en un contexto mundial signado por las graves<br \/>\nconsecuencias de la crisis civilizatoria que afecta a toda la humanidad, especialmente, a los<br \/>\nsectores m\u00e1s vulnerados en sus derechos y en sus condiciones de vida.<\/p>\n<p>En el marco de esta\u00a0crisis, la pandemia del coronavirus ha puesto de manifiesto emergencias de toda \u00edndole:\u00a0sanitaria, clim\u00e1tica, energ\u00e9tica, social, econ\u00f3mica, educativa, entre las principales.<\/p>\n<p>Esta actividadque realiza nuestra organizaci\u00f3n gremial docente tiene el prop\u00f3sito de potenciar<br \/>\nan\u00e1lisis, reflexiones y debates acerca de la educaci\u00f3nambiental en el contexto actual, como as\u00ed<br \/>\ntambi\u00e9n generar un di\u00e1logo de saberes que nos permita abordar los diversos conflictos<br \/>\nambientales como desaf\u00edos pol\u00edtico-pedag\u00f3gicos.<\/p>\n<p>Asimismo, este Congreso se inscribe enel marco de la Campa\u00f1a mundial de la Internacional de<br \/>\nla Educaci\u00f3n \u201cEducar por el planeta\u201d, que se ha lanzado para inspirar a las comunidades del<br \/>\nmundo a la acci\u00f3n y la movilizaci\u00f3n, con el objetivo de garantizar que la educaci\u00f3n clim\u00e1tica,<br \/>\nbasada en datos cient\u00edficos y con un enfoque c\u00edvico, gane centralidad en los procesos de<br \/>\nense\u00f1anza y aprendizaje.<\/p>\n<p>Para este Congreso, entendido como un espacio para el debate y la producci\u00f3n colectiva de<br \/>\nconocimientos emancipadores, se invita a educadorxs de todos los niveles y modalidades del<br \/>\nsistema educativo, referentes y dirigentes pol\u00edticos, gremiales y sociales, y ambientalistas de<br \/>\nlas distintas organizaciones, que luchan y sue\u00f1an con \u201cotro mundo\u201d sustentable, justo,<br \/>\nigualitario y solidario.<\/p>\n<p>CTERA, una vez m\u00e1s, siguiendo su tradici\u00f3n pionera en la incorporaci\u00f3n de la dimensi\u00f3n<br \/>\nambiental en el debate educativo, construye este espacio para pensar juntos la Educaci\u00f3n<br \/>\nAmbiental en los territorios de nuestra Abya Yala y en el camino de la construcci\u00f3n de un<br \/>\nMovimiento Pedag\u00f3gico Latinoamericano.<\/p>\n<p><span style=\"color: #ff6600;\"><strong>Programa<\/strong><\/span><\/p>\n<p><strong><span style=\"color: #ff6600;\">Viernes, 4 de Junio<\/span><\/strong><\/p>\n<ul>\n<li>16.00 hs. Panel de apertura: <strong><span style=\"color: #ff6600;\">Ante la crisis civilizatoria, \u201cEducar por el planeta\u201d<\/span><\/strong> integrada por la\u00a0Secretaria Gral CTERA, Sec. Gral AMSAFE,\u00a0Sonia Alesso; el\u00a0Diputado\u00a0Nacional; Secretario Gral. de la CTA, Presidente de la Internacional de la Educaci\u00f3n para\u00a0Am\u00e9rica Latina,\u00a0Hugo Yasky; el Presidente de la Internacional de la Educaci\u00f3n, David Edwards.<br \/>\n17.00 hs. Conferencia inaugural: <span style=\"color: #ff6600;\"><strong>Cambio clim\u00e1tico y pandemia. Una perspectiva\u00a0educativa<\/strong><\/span> a\u00a0cargo de Edgar J. Gonzalez Gaudiano, Univ. Nac. Aut\u00f3n. M\u00e9xico, UNAM.\u00a0Presenta: la Secretaria General UTE, Ang\u00e9lica Graciano.\u00a0Coordina: el\u00a0SecretarioAdjunto CTERA, Sec Gral SUTEBA, Roberto Baradel<\/li>\n<li>18.00 hs. <strong><span style=\"color: #ff6600;\">Presentaci\u00f3n art\u00edstica<\/span><\/strong> a cargo del Artista, profesor de m\u00fasica de la Pcia. de C\u00f3rdoba,\u00a0Ramiro Lezcano.\u00a0Presenta: el SecretarioGral. UEPC \u2013 JE de CTERA, Juan Monserrat<\/li>\n<\/ul>\n<p><span style=\"color: #ff6600;\"><strong>S\u00e1bado, 5 de Junio<\/strong><\/span><\/p>\n<ul>\n<li>09.00 hs. <strong><span style=\"color: #ff6600;\">Panel: Los\/as trabajadores\/as y la crisis ambiental en Am\u00e9rica y el mundo<\/span><\/strong> a cargo del\u00a0<span style=\"line-height: 1.5;\">Secretario Gral. de la Confederaci\u00f3n General de Trabajadoras y\u00a0<\/span><span style=\"line-height: 1.5;\">Trabajadores de las Am\u00e9ricas,\u00a0<\/span><span style=\"line-height: 1.5;\">Rafael Freire Neto<\/span><span style=\"line-height: 1.5;\">; la\u00a0<\/span>Secretaria Gral. de la Confederaci\u00f3n\u00a0Sindical Internacional, CSI,\u00a0<span style=\"line-height: 1.5;\">Sharan Burrow<\/span><span style=\"line-height: 1.5;\"><span style=\"line-height: 1.5;\">; el Secretario de Relaciones CTA, SUTEBA, CTERA, Roberto Baradel.\u00a0<\/span><\/span>\u00a0Coordina: de CTERA, CTA, Jorge Molina<\/li>\n<li>09.45 hs. Panel: <strong><span style=\"color: #ff6600;\">Perspectiva ambiental latinoamericana<\/span><\/strong> a cargo de la\u00a0Presidenta de Amigos de la Tierra Internacional, Uruguay,\u00a0Karin Nansen; Secretariode Medio Ambiente de la CUT, Brasil, Daniel\u00a0Gaio.\u00a0Coordina: Sergio Gonz\u00e1lez &#8211; CTA de los Trabajadores<\/li>\n<li>10.30 hs. Mesas tem\u00e1ticas \/ Espacios de debate<\/li>\n<li>13:00 hs. Panel de cierre <strong><span style=\"color: #ff6600;\">Lectura del Manifiesto propuesta art\u00edstica.<\/span><\/strong>\u00a0Coordinaci\u00f3n General del Evento: Sonia Alesso, Roberto Baradel, Jorge Molina, Miguel Duhalde,\u00a0Gabriela Q\u00fcesta, Carlos Guerrero, Graciela Mandolini, Mariela Leiva, SergioGonz\u00e1lez.<span style=\"line-height: 1.5;\">Secretario de Relaciones<\/span><\/li>\n<li>MESA 1: <strong><span style=\"color: #ff6600;\">Debates pedag\u00f3gicos sobre una transici\u00f3n energ\u00e9tica popular, justa y solidaria\u00a0<\/span><\/strong>a cargo de Pablo Bertinat -Taller Ecologista Rosario, Argentina-; la\u00a0Asesora de la Central Sindical de las\u00a0Am\u00e9ricas\u00a0Lyda Forero.<\/li>\n<li>MESA 2: <strong><span style=\"color: #ff6600;\">Los modelos extractivistas: ambiente y salud<\/span><\/strong>\u00a0a cargo del Director Nacional de Agroecolog\u00eda,\u00a0Eduardo Cerd\u00e1; el\u00a0Director Instituto de Salud\u00a0Socioambiental, UNR,\u00a0Dami\u00e1n Verze\u00f1assi; del\u00a0Centro de Investigaciones del Medio Ambiente, CCT CONICET, La<br \/>\nPlata,\u00a0Dami\u00e1n Marino; el\u00a0Abogado UNC\u2013 Derecho AmbientalDar\u00edo \u00c1vila.<\/li>\n<li>MESA 3: <span style=\"color: #ff6600;\"><strong>El agua como fuente de vida y como desaf\u00edo para repensar nuestras pr\u00e1cticas\u00a0<\/strong><\/span>a cargo de Claudia Costinovsky -Taller EcologistaRosario-; Laura Prol &#8211; Taller EcologistaRosario.<\/li>\n<li>MESA 4: <span style=\"color: #ff6600;\"><strong>La soberan\u00eda alimentaria como un nuevo paradigma en la construcci\u00f3n de saberes\u00a0<\/strong><\/span>a cargo de la\u00a0Coordinadora de la C\u00e1tedra Libre de Soberan\u00eda Alimentaria, Escuela de Nutrici\u00f3n, Facultad de Medicina,\u00a0UBA,\u00a0Miryam K. de Gorban; Marcos Filardi -Eq. C\u00e1tedras Libres de Soberan\u00eda Alimentaria. Esc. de Nutrici\u00f3n y Fac. Agronom\u00eda,\u00a0UBA y UNLZ; Graciela Mandolini &#8211; Dir. Escuela Agrot\u00e9cnica UNR, Coord. C\u00e1tedra Libre Soberan\u00eda\u00a0AlimentariaUNR y Reg. ISP 1, Casilda, Santa Fe; Juan Vita &#8211; Referente nacional FrenteBarrial CTA.<\/li>\n<li>MESA 5: <strong><span style=\"color: #ff6600;\">La construcci\u00f3n de pol\u00edticas p\u00fablicas y el derecho a la educaci\u00f3n desde la perspectiva\u00a0<\/span><\/strong><strong><span style=\"color: #ff6600;\">ambiental\u00a0<\/span><\/strong>a cargo de la Diputada Nacional, Blanca Osuna; Adriana Puiggr\u00f3s &#8211; UBA, UNIPE- ; Carlos Galano &#8211; Escuela Chico M\u00e9ndes,\u00a0Santa Fe. Coordinan: Miguel Duhalde &#8211; CTERA-AMSAFE- \u00a0y Silvia Almaz\u00e1n &#8211; SUTEBA<\/li>\n<li>MESA 6: <strong><span style=\"color: #ff6600;\">Impactos de los conflictos ambientales urbanos y rurales en la Escuela\u00a0<\/span><\/strong>a cargo de Pedro Peretti &#8211; Miembro del Movimiento Producci\u00f3n y Trabajo y del Movimiento Arraigo, ex Federaci\u00f3n\u00a0Agraria Argentina-; Alberto Chiavarino &#8211; Coord. Nac. de SemillAR, Programa Agricultura Familiar\u00a0Campesina Ind\u00edgena-; Silvina Corbetta &#8211; Docente e InvestigadoraUNSe, UNAHUR-;\u00a0Mirta Izquierdo &#8211; Referente Educaci\u00f3n ambiental de la Uni\u00f3n Trabajadores de la Educaci\u00f3n, UTE.<\/li>\n<li>MESA 7: <strong><span style=\"color: #ff6600;\">Nuestros pueblos y la educaci\u00f3n intercultural: derechos a la vida y el territorio\u00a0<\/span><\/strong>a cargo de Teresa Artieda &#8211; Docente e investigadora de la Universidad Nacional del Nordeste- ; Abel Salte\u00f1o &#8211; Pueblo\u00a0Mocoy -; Lefxaru Nawel &#8211; Pueblo Naci\u00f3n Mapuche.<\/li>\n<li>MESA 8:<strong><span style=\"color: #ff6600;\"> El cambio clim\u00e1tico como m\u00e1xima expresi\u00f3n de la crisis civilizatoria\u00a0<\/span><\/strong>a cargo de Natalia Carrau &#8211; Asesora Confederaci\u00f3n Sindical de Trabajadores\/asdelas Am\u00e9ricas -, Bert De Wel &#8211; oficial de\u00a0pol\u00edtica clim\u00e1tica Confederaci\u00f3n Sindical Internacional -; Sergio Gonz\u00e1lez &#8211; CTA de los Trabajadores.<\/li>\n<li>MESA 9: <strong><span style=\"color: #ff6600;\">El tratamiento de la problem\u00e1tica ambiental en los medios de comunicaci\u00f3n\u00a0<\/span><\/strong>a cargo de Dar\u00edo Aranda &#8211; periodista y escritor -; Patricio Eleisegui &#8211; escritor, periodista e investigador -; Ricardo Serruya &#8211;\u00a0periodista y escritor.<\/li>\n<li>MESA 10: <strong><span style=\"color: #ff6600;\">Ecofeminismo: la perspectiva de g\u00e9nero en la educaci\u00f3n ambiental.<\/span><\/strong><br \/>\na cargo de Marielle Palau &#8211; Docente e Investigadora Universitaria, Paraguay-; M\u00f3nica Polidoro &#8211; Presidenta de\u00a0Asociaci\u00f3n de Mujeres Rurales Argentinas Federal, AMRAF- ; Raquel Sagot \u00a0Investigadora, facilitadora y\u00a0activista clim\u00e1tica. Organizaci\u00f3n Colectiva Org\u00e1nica, Costa Rica.<\/li>\n<li>MESA 11: <strong><span style=\"color: #ff6600;\">\u00bfR\u00edos o v\u00edas navegables? \u201cUna cuesti\u00f3n de soberan\u00eda nacional\u201d<\/span><\/strong><br \/>\na cargo de Jorge Taiana &#8211; Senador Nacional, Ex -canciller -; Luciano Orellano &#8211; Integrante Foro por la recuperacion del\u00a0Paran\u00e1 -; Julio C\u00e9sar Urien &#8211; Tte. Fragata -RE-, Presidente de FIPCA.<\/li>\n<\/ul>\n<p><strong><span style=\"color: #ff6600;\">Informaci\u00f3n Importante<\/span><\/strong><\/p>\n<p><strong><span style=\"color: #ff6600;\">Inscripci\u00f3n<\/span><\/strong><\/p>\n<p><a href=\"https:\/\/drive.google.com\/file\/d\/1Vc_ZqidMbOmKLYh0IMrvsvDBhstpKZhy\/view?usp=sharing\">https:\/\/drive.google.com\/file\/d\/1Vc_ZqidMbOmKLYh0IMrvsvDBhstpKZhy\/view?usp=sharing<\/a><\/p>\n<p>Luego, una vez abierto el link, debe dar click a la opci\u00f3n que dice abrir con documentos de google, una vez abierto, completar con sus datos. No es necesario realizar ning\u00fan otro paso ya que se guarda autom\u00e1ticamente a medida que se va escribiendo.<\/p>\n<p>&nbsp;<\/p>\n<p><img loading=\"lazy\" decoding=\"async\" class=\"alignnone wp-image-38066 size-full\" src=\"https:\/\/vocesparalelas.com.ar\/sitio\/wp-content\/uploads\/2021\/05\/UDAP-CONGRESO.jpg\" alt=\"\" width=\"706\" height=\"1024\" \/><\/p>\n","protected":false},"excerpt":{"rendered":"<p>El Congreso Internacional de Educaci\u00f3n Ambiental \u201cDebates y desaf\u00edos de la educaci\u00f3n ambiental como pol\u00edtica p\u00fablica. Educar por el planeta\u201d,<\/p>\n","protected":false},"author":3,"featured_media":4034,"comment_status":"closed","ping_status":"closed","sticky":false,"template":"","format":"standard","meta":{"_acf_changed":false,"_seopress_robots_primary_cat":"none","_seopress_titles_title":"","_seopress_titles_desc":"","_seopress_robots_index":"","colormag_page_container_layout":"default_layout","colormag_page_sidebar_layout":"default_layout","footnotes":""},"categories":[9],"tags":[],"class_list":["post-38064","post","type-post","status-publish","format-standard","has-post-thumbnail","hentry","category-cursos"],"acf":[],"_links":{"self":[{"href":"https:\/\/vocesparalelas.com.ar\/sitio\/wp-json\/wp\/v2\/posts\/38064","targetHints":{"allow":["GET"]}}],"collection":[{"href":"https:\/\/vocesparalelas.com.ar\/sitio\/wp-json\/wp\/v2\/posts"}],"about":[{"href":"https:\/\/vocesparalelas.com.ar\/sitio\/wp-json\/wp\/v2\/types\/post"}],"author":[{"embeddable":true,"href":"https:\/\/vocesparalelas.com.ar\/sitio\/wp-json\/wp\/v2\/users\/3"}],"replies":[{"embeddable":true,"href":"https:\/\/vocesparalelas.com.ar\/sitio\/wp-json\/wp\/v2\/comments?post=38064"}],"version-history":[{"count":1,"href":"https:\/\/vocesparalelas.com.ar\/sitio\/wp-json\/wp\/v2\/posts\/38064\/revisions"}],"predecessor-version":[{"id":38067,"href":"https:\/\/vocesparalelas.com.ar\/sitio\/wp-json\/wp\/v2\/posts\/38064\/revisions\/38067"}],"wp:featuredmedia":[{"embeddable":true,"href":"https:\/\/vocesparalelas.com.ar\/sitio\/wp-json\/wp\/v2\/media\/4034"}],"wp:attachment":[{"href":"https:\/\/vocesparalelas.com.ar\/sitio\/wp-json\/wp\/v2\/media?parent=38064"}],"wp:term":[{"taxonomy":"category","embeddable":true,"href":"https:\/\/vocesparalelas.com.ar\/sitio\/wp-json\/wp\/v2\/categories?post=38064"},{"taxonomy":"post_tag","embeddable":true,"href":"https:\/\/vocesparalelas.com.ar\/sitio\/wp-json\/wp\/v2\/tags?post=38064"}],"curies":[{"name":"wp","href":"https:\/\/api.w.org\/{rel}","templated":true}]}}