{"id":38059,"date":"2021-05-23T10:09:59","date_gmt":"2021-05-23T13:09:59","guid":{"rendered":"http:\/\/vocesparalelas.com.ar\/sitio\/?p=38059"},"modified":"2021-05-27T20:20:45","modified_gmt":"2021-05-27T23:20:45","slug":"no-hay-margen","status":"publish","type":"post","link":"https:\/\/vocesparalelas.com.ar\/sitio\/no-hay-margen\/","title":{"rendered":"No hay margen"},"content":{"rendered":"<p>Desde hace m\u00e1s de dos meses venimos advirtiendo a las c\u00e1maras empresarias, a los bancos y al Banco Central sobre el agravamiento de la situaci\u00f3n epidemiol\u00f3gica con un aumento exponencial de casos positivos, que se traducen lamentablemente en el n\u00famero de fallecidos y en un Sistema de Salud colapsado tanto en el \u00e1mbito privado como p\u00fablico.<\/p>\n<p>La situaci\u00f3n ha llevado una vez m\u00e1s al gobierno nacional a actuar en forma urgente y oportuna, mediante la adopci\u00f3n -en simult\u00e1neo con el plan de vacunaci\u00f3n- de distintas medidas de prevenci\u00f3n basadas en evidencia cient\u00edfica, tal como se ha verificado en otros pa\u00edses del mundo.<\/p>\n<p>Lamentablemente diversas decisiones de gobiernos de distintas jurisdicciones, y de la propia Corte Suprema de Justicia, junto a algunos medios de comunicaci\u00f3n, han promovido, con negligencia, el desacato de esas medidas sanitarias, con consecuencias extremadamente negativas, que tambi\u00e9n sufrimos las y los bancarios.<\/p>\n<p>Habida cuenta que nuestra labor es considerada esencial hemos solicitado en car\u00e1cter de urgente tomar las siguientes medidas preventivas, intensificando la aplicaci\u00f3n del Protocolo Covid-19 acordado para la actividad, a saber:<\/p>\n<ul>\n<li>Conformaci\u00f3n de un m\u00ednimo de dos equipos de trabajo, que integre a todas las personas sin discriminaci\u00f3n que se desempe\u00f1an en cada sucursal o \u00e1reas, salvo aquellos exceptuados en raz\u00f3n de su edad, enfermedades preexistentes, y tareas de cuidado. De modo tal que cada equipo cumpla tareas presenciales de forma rotativa, cada 7 d\u00edas, siendo reemplazado a continuaci\u00f3n por el otro equipo durante el mismo plazo. Ello salvo que se detecte un caso positivo, en cuya situaci\u00f3n se aislar\u00e1 a todo el equipo involucrado.<\/li>\n<li>Reducir el trabajo presencial a un m\u00ednimo necesario e indispensable, respet\u00e1ndose adem\u00e1s el aforo permitido como l\u00edmite para el uso de superficies cerradas seg\u00fan normativa aplicable.<\/li>\n<li>Proseguir ante esta situaci\u00f3n con la implementaci\u00f3n del trabajo a distancia para todas aquellas tareas que los trabajadores y trabajadoras puedan realizar desde sus hogares, con el prop\u00f3sito de disminuir el traslado de los mismos, su exposici\u00f3n al riesgo y la propagaci\u00f3n del virus; respet\u00e1ndose los derechos y la jornada laboral de acuerdo a las tareas asignadas.<\/li>\n<li>Intensificar la aplicaci\u00f3n de la disposici\u00f3n \u201cII RECO-MENDACIONES VINCULADAS AL PERSONAL ENCARGADO DE LA ATENCI\u00d3N AL P\u00daBLICO\u201d del protocolo vigente, adecu\u00e1ndolo, fundamentalmente, en cuanto a:<\/li>\n<\/ul>\n<p>1) Reducir en un 50% cronogramas de atenci\u00f3n de tr\u00e1mites de caja y personales de manera que se realicen sin acumulaci\u00f3n de personas y con el menor tiempo de espera.<\/p>\n<p>2) Limitar la cantidad de personas en el interior de edificios al m\u00ednimo indispensable, respet\u00e1ndose siempre la distancia interpersonal de seguridad de 2 metros como m\u00ednimo.<\/p>\n<p>3) Perfeccionar la adecuaci\u00f3n del puesto de trabajo manteniendo la distancia m\u00ednima de seguridad (2 metros), ello adem\u00e1s de barreras f\u00edsicas transparentes separando los clientes de los trabajadores, y entre trabajadores entre s\u00ed, con el fin de garantizar la prestaci\u00f3n de los servicios en condiciones de seguridad.<\/p>\n<p>4) Provisi\u00f3n a cargo del empleador de barbijo de uso obligatorio, y m\u00e1scaras de ser necesario, como as\u00ed tambi\u00e9n de elementos de higiene y desinfecci\u00f3n en cantidad suficiente. Observar de manera obligatoria \u25cf La permanente ventilaci\u00f3n de los locales y ambientes laborales en forma previa al ingreso del personal y durante la jornada de trabajo, permitiendo la ventilaci\u00f3n cruzada.<\/p>\n<ul>\n<li>La higiene y desinfecci\u00f3n de ambientes y puestos de trabajo, previo al inicio de jornada y durante la misma.<\/li>\n<li>El control de temperatura corporal al ingreso del edificio mediante la utilizaci\u00f3n de equipos homologados, tanto al personal como a los terceros.<\/li>\n<li>En los puntos de acceso a cada edificio, se deber\u00e1 proceder a la desinfecci\u00f3n de manos y colocar alfombras sanitizantes.<\/li>\n<li>Mantener al menos dos puestos de seguridad en todas las casas bancarias.<\/li>\n<\/ul>\n<p>Finalmente, resulta imprescindible el reconocimiento de una \u201cprestaci\u00f3n o compensaci\u00f3n especial por pandemia\u201d, en concepto de vi\u00e1tico y\/o gastos de traslado a favor de los trabajadores presenciales habida cuenta la saturaci\u00f3n y falta de condiciones del transporte p\u00fablico; como as\u00ed tambi\u00e9n para aquellos trabajadores que cumplen tareas en forma remota destinados a compensar los gastos de conectividad y\/o consumo de servicios que deba afrontar, dado los aumentos anunciados en este sentido.<\/p>\n<p>Hoy, ante el se\u00f1alado agravamiento de la situaci\u00f3n sanitaria EXIGIMOS, la inmediata implementaci\u00f3n de estas medidas en toda la actividad, pues no hay margen para jugar con la salud y la vida.<\/p>\n<p>REITERAMOS, que respaldamos, en caso contrario, medidas de acci\u00f3n gremial en los lugares y entidades donde no se observen las mismas.<\/p>\n<p style=\"text-align: right;\">Buenos Aires, 21 de mayo de 2021<\/p>\n<p>&nbsp;<\/p>\n<p style=\"text-align: center;\">SECRETARIADO GENERAL NACIONAL DE LA ASOCIACI\u00d3N BANCARIA<br \/>\nSergio Palazzo<br \/>\nSecretario General<\/p>\n<p style=\"text-align: center;\">Andr\u00e9s Castillo, Anal\u00eda Lungo, Carlos Cisneros, Patricia Rinaldi, Pablo Regnier, Victoria Capoccetti, Carlos Irrera, Walter Rey, Mariel Iglesias, Gustavo D\u00edaz, Enrique Ram\u00edrez, Cristian Stratico, Francisco Muratore, Jos\u00e9 Giorgetti, Juan Pallo, Mat\u00edas Lay\u00fas, Gabriel Dipierri, Carlos Ferrari, Rosa Sorsaburu, Claudia Ormachea, Cristina Maino, Eduardo Berrozpe<\/p>\n","protected":false},"excerpt":{"rendered":"<p>Desde hace m\u00e1s de dos meses venimos advirtiendo a las c\u00e1maras empresarias, a los bancos y al Banco Central sobre<\/p>\n","protected":false},"author":3,"featured_media":38062,"comment_status":"closed","ping_status":"closed","sticky":false,"template":"","format":"standard","meta":{"_acf_changed":false,"_seopress_robots_primary_cat":"none","_seopress_titles_title":"","_seopress_titles_desc":"","_seopress_robots_index":"","colormag_page_container_layout":"default_layout","colormag_page_sidebar_layout":"default_layout","footnotes":""},"categories":[10],"tags":[],"class_list":["post-38059","post","type-post","status-publish","format-standard","has-post-thumbnail","hentry","category-opiniones"],"acf":[],"_links":{"self":[{"href":"https:\/\/vocesparalelas.com.ar\/sitio\/wp-json\/wp\/v2\/posts\/38059","targetHints":{"allow":["GET"]}}],"collection":[{"href":"https:\/\/vocesparalelas.com.ar\/sitio\/wp-json\/wp\/v2\/posts"}],"about":[{"href":"https:\/\/vocesparalelas.com.ar\/sitio\/wp-json\/wp\/v2\/types\/post"}],"author":[{"embeddable":true,"href":"https:\/\/vocesparalelas.com.ar\/sitio\/wp-json\/wp\/v2\/users\/3"}],"replies":[{"embeddable":true,"href":"https:\/\/vocesparalelas.com.ar\/sitio\/wp-json\/wp\/v2\/comments?post=38059"}],"version-history":[{"count":1,"href":"https:\/\/vocesparalelas.com.ar\/sitio\/wp-json\/wp\/v2\/posts\/38059\/revisions"}],"predecessor-version":[{"id":38061,"href":"https:\/\/vocesparalelas.com.ar\/sitio\/wp-json\/wp\/v2\/posts\/38059\/revisions\/38061"}],"wp:featuredmedia":[{"embeddable":true,"href":"https:\/\/vocesparalelas.com.ar\/sitio\/wp-json\/wp\/v2\/media\/38062"}],"wp:attachment":[{"href":"https:\/\/vocesparalelas.com.ar\/sitio\/wp-json\/wp\/v2\/media?parent=38059"}],"wp:term":[{"taxonomy":"category","embeddable":true,"href":"https:\/\/vocesparalelas.com.ar\/sitio\/wp-json\/wp\/v2\/categories?post=38059"},{"taxonomy":"post_tag","embeddable":true,"href":"https:\/\/vocesparalelas.com.ar\/sitio\/wp-json\/wp\/v2\/tags?post=38059"}],"curies":[{"name":"wp","href":"https:\/\/api.w.org\/{rel}","templated":true}]}}