{"id":38055,"date":"2021-05-23T13:03:46","date_gmt":"2021-05-23T16:03:46","guid":{"rendered":"http:\/\/vocesparalelas.com.ar\/sitio\/?p=38055"},"modified":"2021-05-29T00:47:22","modified_gmt":"2021-05-29T03:47:22","slug":"sumate-a-la-gala-patria-virtual","status":"publish","type":"post","link":"https:\/\/vocesparalelas.com.ar\/sitio\/sumate-a-la-gala-patria-virtual\/","title":{"rendered":"Sumate a la Gala Patria virtual"},"content":{"rendered":"<p>El Martes, 25 de mayo,\u00a0a las 00 hs\u00a0el\u00a0Gobierno de San Juan presenta la \u00f3pera tango, producci\u00f3n in\u00e9dita del Teatro del Bicentenario, Mar\u00eda de Buenos Aires que se transmite a trav\u00e9s de Canal 4, Canal 5, Canal 8, Canal 13 30.1 en TDA, Canal 35.1 en TDA Zonda TV, Telesol TLS 36.1 en TDA, Canal 40 Caucete en TDAmux Canal 28, J\u00e1chal Visi\u00f3n Canal 4, TV cable Rodeo, Xama Se\u00f1al UNSJ TDA 33.1 y el Canal de Valle F\u00e9rtil.<\/p>\n<p>La Gala Patria comienza con el Himno Nacional interpretado por Rolando Garc\u00eda G\u00f3mez en un solo de guitarra y luego, inicia su presentaci\u00f3n Mar\u00eda de Buenos Aires.<\/p>\n<p>En el marco de la conmemoraci\u00f3n de los festejos patrios, el Gobierno de San Juan, a trav\u00e9s del Ministerio de Turismo y Cultura, difunde virtualmente el espect\u00e1culo \u201cMar\u00eda de Buenos Aires\u201d, la \u00d3pera Tango de Astor Piazzola, con textos de Horacio Ferrer, producida \u00edntegramente por el Teatro del Bicentenario.<\/p>\n<p>\u201cMar\u00eda de Buenos Aires\u201d, la reconocida y aclamada opereta escrita por Astor Piazzolla con textos de Horacio Ferrer, se estren\u00f3 en la temporada 2018. Una original e in\u00e9dita puesta en escena, bajo la direcci\u00f3n art\u00edstica y dise\u00f1os de Sergio Massa y la direcci\u00f3n musical del bandoneonista Esteban Calder\u00f3n, junto a un elenco de m\u00fasicos, cantantes, actores y bailarines sanjuaninos quienes deslumbraron y emocionaron al p\u00fablico sanjuanino.<\/p>\n<p>La aclamada mezzo-soprano argentina armenia, Solange Merdinian, fue la Mar\u00eda porte\u00f1a; mientras que Diego Flores, cantante l\u00edrico, coreuta y cantor de tango, encarn\u00f3 los diferentes y multifac\u00e9ticos personajes creados por Ferrer. El Duende, por su parte, fue interpretado por Silvio Guevara.<\/p>\n<p>Esta puesta involucr\u00f3, por un lado, escenas donde el canto, la actuaci\u00f3n y el recitado tomaron protagonismo. Por otro, la danza, de la mano del core\u00f3grafo invitado Leonardo Cuello, se apoder\u00f3 del espacio, todo en una integraci\u00f3n maestra entre la m\u00fasica, la danza y el canto.<\/p>\n<p>La particular\u00edsima versi\u00f3n esc\u00e9nica de \u201cMar\u00eda de Buenos Aires\u201d est\u00e1 llena de misticismos y atm\u00f3sfera evocativos donde las sonoridades del bandone\u00f3n, interpretado por Esteban Calder\u00f3n, acompa\u00f1an cada momento de la obra.<\/p>\n<p>&nbsp;<\/p>\n<p>&nbsp;<\/p>\n","protected":false},"excerpt":{"rendered":"<p>El Martes, 25 de mayo,\u00a0a las 00 hs\u00a0el\u00a0Gobierno de San Juan presenta la \u00f3pera tango, producci\u00f3n in\u00e9dita del Teatro del<\/p>\n","protected":false},"author":3,"featured_media":38057,"comment_status":"closed","ping_status":"closed","sticky":false,"template":"","format":"standard","meta":{"_acf_changed":false,"_seopress_robots_primary_cat":"none","_seopress_titles_title":"","_seopress_titles_desc":"","_seopress_robots_index":"","colormag_page_container_layout":"default_layout","colormag_page_sidebar_layout":"default_layout","footnotes":""},"categories":[1],"tags":[],"class_list":["post-38055","post","type-post","status-publish","format-standard","has-post-thumbnail","hentry","category-destacadas"],"acf":[],"_links":{"self":[{"href":"https:\/\/vocesparalelas.com.ar\/sitio\/wp-json\/wp\/v2\/posts\/38055","targetHints":{"allow":["GET"]}}],"collection":[{"href":"https:\/\/vocesparalelas.com.ar\/sitio\/wp-json\/wp\/v2\/posts"}],"about":[{"href":"https:\/\/vocesparalelas.com.ar\/sitio\/wp-json\/wp\/v2\/types\/post"}],"author":[{"embeddable":true,"href":"https:\/\/vocesparalelas.com.ar\/sitio\/wp-json\/wp\/v2\/users\/3"}],"replies":[{"embeddable":true,"href":"https:\/\/vocesparalelas.com.ar\/sitio\/wp-json\/wp\/v2\/comments?post=38055"}],"version-history":[{"count":1,"href":"https:\/\/vocesparalelas.com.ar\/sitio\/wp-json\/wp\/v2\/posts\/38055\/revisions"}],"predecessor-version":[{"id":38058,"href":"https:\/\/vocesparalelas.com.ar\/sitio\/wp-json\/wp\/v2\/posts\/38055\/revisions\/38058"}],"wp:featuredmedia":[{"embeddable":true,"href":"https:\/\/vocesparalelas.com.ar\/sitio\/wp-json\/wp\/v2\/media\/38057"}],"wp:attachment":[{"href":"https:\/\/vocesparalelas.com.ar\/sitio\/wp-json\/wp\/v2\/media?parent=38055"}],"wp:term":[{"taxonomy":"category","embeddable":true,"href":"https:\/\/vocesparalelas.com.ar\/sitio\/wp-json\/wp\/v2\/categories?post=38055"},{"taxonomy":"post_tag","embeddable":true,"href":"https:\/\/vocesparalelas.com.ar\/sitio\/wp-json\/wp\/v2\/tags?post=38055"}],"curies":[{"name":"wp","href":"https:\/\/api.w.org\/{rel}","templated":true}]}}