{"id":38051,"date":"2021-05-23T12:24:57","date_gmt":"2021-05-23T15:24:57","guid":{"rendered":"http:\/\/vocesparalelas.com.ar\/sitio\/?p=38051"},"modified":"2021-05-24T22:42:13","modified_gmt":"2021-05-25T01:42:13","slug":"festival-escena-en-movimiento-se-transmite-de-manera-virtual","status":"publish","type":"post","link":"https:\/\/vocesparalelas.com.ar\/sitio\/festival-escena-en-movimiento-se-transmite-de-manera-virtual\/","title":{"rendered":"\u00abFestival Escena en movimiento\u00bb se transmite de manera virtual"},"content":{"rendered":"<p>El Ministerio de Turismo y Cultura del Gobierno de San Juan junto a la Mesa Provincial de la Danza realizaron esta edici\u00f3n en el marco del D\u00eda Internacional de la Danza, que se llev\u00f3 adelante de forma virtual debido a la situaci\u00f3n sanitaria actual.<\/p>\n<p>Las producciones fueron grabadas bajo estricto protocolo sanitario previo al anuncio de las medidas que rigen desde el 22 de Mayo<\/p>\n<p>El Festival puede disfrutarse a trav\u00e9s de las redes sociales del Ministerio de Turismo y Cultura en Facebook @turismoyculturasj, en instagram @turismo_y_cultura_sj y en el Canal de Youtube todos los d\u00edas a partir de las 21 hs.<\/p>\n<p>De esta manera, durante diez d\u00edas, el festival muestra las propuestas de<\/p>\n<ul>\n<li>Palomas del Alma (folclore contempor\u00e1neo),<\/li>\n<li>Ayekantum (folclore cuyano),<\/li>\n<li>Omega Crew (ritmos urbanos),<\/li>\n<li>Nassibi Danzas \u00c1rabes,<\/li>\n<li>Proyecto Tango San Juan (homenaje a Astor Piazzola),<\/li>\n<li>Tablao Flamenco ,<\/li>\n<li>Ladove (folclore contempor\u00e1neo),<\/li>\n<li>Ballerinas Repertorio (danza cl\u00e1sica),<\/li>\n<li>Fuego Latino y Y\u00f1aka Malambo.<\/li>\n<\/ul>\n<p>Cabe destacar que la convocatoria para los elencos cont\u00f3 con treinta y siete propuestas, de las cuales fueron seleccionadas diez de variadas disciplinas y abarcando grupos de toda la provincia.<\/p>\n<p>Adem\u00e1s, Los elencos de danza recibieron un est\u00edmulo econ\u00f3mico de $50 mil cada uno.<\/p>\n<p>&nbsp;<\/p>\n<p>&nbsp;<\/p>\n","protected":false},"excerpt":{"rendered":"<p>El Ministerio de Turismo y Cultura del Gobierno de San Juan junto a la Mesa Provincial de la Danza realizaron<\/p>\n","protected":false},"author":3,"featured_media":38053,"comment_status":"closed","ping_status":"closed","sticky":false,"template":"","format":"standard","meta":{"_acf_changed":false,"_seopress_robots_primary_cat":"none","_seopress_titles_title":"","_seopress_titles_desc":"","_seopress_robots_index":"","colormag_page_container_layout":"default_layout","colormag_page_sidebar_layout":"default_layout","footnotes":""},"categories":[20],"tags":[],"class_list":["post-38051","post","type-post","status-publish","format-standard","has-post-thumbnail","hentry","category-cartelera"],"acf":[],"_links":{"self":[{"href":"https:\/\/vocesparalelas.com.ar\/sitio\/wp-json\/wp\/v2\/posts\/38051","targetHints":{"allow":["GET"]}}],"collection":[{"href":"https:\/\/vocesparalelas.com.ar\/sitio\/wp-json\/wp\/v2\/posts"}],"about":[{"href":"https:\/\/vocesparalelas.com.ar\/sitio\/wp-json\/wp\/v2\/types\/post"}],"author":[{"embeddable":true,"href":"https:\/\/vocesparalelas.com.ar\/sitio\/wp-json\/wp\/v2\/users\/3"}],"replies":[{"embeddable":true,"href":"https:\/\/vocesparalelas.com.ar\/sitio\/wp-json\/wp\/v2\/comments?post=38051"}],"version-history":[{"count":2,"href":"https:\/\/vocesparalelas.com.ar\/sitio\/wp-json\/wp\/v2\/posts\/38051\/revisions"}],"predecessor-version":[{"id":38063,"href":"https:\/\/vocesparalelas.com.ar\/sitio\/wp-json\/wp\/v2\/posts\/38051\/revisions\/38063"}],"wp:featuredmedia":[{"embeddable":true,"href":"https:\/\/vocesparalelas.com.ar\/sitio\/wp-json\/wp\/v2\/media\/38053"}],"wp:attachment":[{"href":"https:\/\/vocesparalelas.com.ar\/sitio\/wp-json\/wp\/v2\/media?parent=38051"}],"wp:term":[{"taxonomy":"category","embeddable":true,"href":"https:\/\/vocesparalelas.com.ar\/sitio\/wp-json\/wp\/v2\/categories?post=38051"},{"taxonomy":"post_tag","embeddable":true,"href":"https:\/\/vocesparalelas.com.ar\/sitio\/wp-json\/wp\/v2\/tags?post=38051"}],"curies":[{"name":"wp","href":"https:\/\/api.w.org\/{rel}","templated":true}]}}