{"id":38048,"date":"2021-05-22T22:16:12","date_gmt":"2021-05-23T01:16:12","guid":{"rendered":"http:\/\/vocesparalelas.com.ar\/sitio\/?p=38048"},"modified":"2021-05-26T01:07:18","modified_gmt":"2021-05-26T04:07:18","slug":"medidas-que-implementa-san-juan-en-el-marco-del-confinamiento-estricto","status":"publish","type":"post","link":"https:\/\/vocesparalelas.com.ar\/sitio\/medidas-que-implementa-san-juan-en-el-marco-del-confinamiento-estricto\/","title":{"rendered":"Medidas que implementa San Juan en el marco del confinamiento estricto"},"content":{"rendered":"<p>Ante el avance de la segunda ola de contagios de coronavirus en todo el pa\u00eds y en consonancia con el confinamiento estricto anunciado por la Naci\u00f3n, el Gobierno de San Juan implementa medidas destinadas a todos los sanjuaninos con el objetivo de reducir la transmisi\u00f3n de COVID-19.<\/p>\n<p>La Provincia de San Juan adhiere por Ley de Necesidad y Urgencia N\u00b0 2228 P, en todas sus partes y para todo su territorio, al Decreto de Necesidad y Urgencia Nacional N\u00ba 2021-334-APN-PTE e informa su alcance en el territorio provincial.<\/p>\n<p>Los niveles de raz\u00f3n, incidencia y ocupaci\u00f3n de camas cr\u00edticas y no cr\u00edticas son altos en toda la provincia, por lo cual se considera que la provincia de San Juan se encuentra, en su totalidad, comprendida articulo N\u00ba 3 del Decreto Nacional: \u00abmedidas aplicables a lugares en alto riesgo epidemiol\u00f3gico y sanitario o en situaci\u00f3n de alarma epidemiol\u00f3gica y sanitaria entre el 22 de mayo y el 30 de mayo de 2021 y los d\u00edas 5 y 6 de junio de 2021\u00bb.<\/p>\n<p>El Gobierno de San Juan articular\u00e1 con los municipios y los dem\u00e1s poderes de Estado el estricto control del cumplimiento de las mencionadas medidas.<br \/>\nSe disponen las siguientes medidas:<\/p>\n<ul>\n<li>Se dispone la restricci\u00f3n para circular en todo el territorio de la Provincia en horario de 18:00 a 06:00 horas desde el d\u00eda 22 de Mayo de 2021 y hasta el d\u00eda 30 de Mayo de 2021 inclusive, y los d\u00edas 5 y 6 de junio de 2021.<\/li>\n<li><span style=\"line-height: 1.5;\">Las personas deber\u00e1n permanecer en sus residencias habituales y solo podr\u00e1n desplazarse para aprovisionarse de alimentos, art\u00edculos de limpieza, medicamentos y otros art\u00edculos de necesidad en los comercios esenciales, y para retiro de compras autorizadas, siempre en cercan\u00eda a sus domicilios.<\/span><\/li>\n<li><span style=\"line-height: 1.5;\">Queda suspendidas la presencialidad en las actividades econ\u00f3micas, industriales, comerciales, de servicios, culturales, deportivas, religiosas, educativas, tur\u00edsticas, recreativas y sociales.<\/span><\/li>\n<li><span style=\"line-height: 1.5;\">Se encuentran prohibidas las reuniones sociales y familiares, en domicilios particulares y espacios p\u00fablicos al aire libre, salvo para el grupo conviviente y para la asistencia de personas que requieran especiales cuidados.<\/span><\/li>\n<li><span style=\"line-height: 1.5;\">El transporte p\u00fablico ser\u00e1 exclusivo para los trabajadores de tareas esenciales y quienes tengan turno de vacunaci\u00f3n.<\/span><\/li>\n<li><span style=\"line-height: 1.5;\">Se suspende la actividad presencial en la Administraci\u00f3n P\u00fablica provincial, entes aut\u00e1rquicos y organismos descentralizados, salvo aquellos convocados para garantizar actividades necesarias e imprescindibles requeridas por las autoridades superiores. Los no convocados deber\u00e1n prestar servicios con la modalidad de trabajo remoto.<\/span><\/li>\n<li><span style=\"line-height: 1.5;\">Educaci\u00f3n: se suspenden las actividades presenciales en los Establecimientos Educativos de todos los niveles y modalidades del Sistema Educativo Provincial durante la vigencia del presente instrumento. Las actividades previstas se desarrollar\u00e1n acompa\u00f1ando y fortaleciendo el proceso de ense\u00f1anza y aprendizaje desde la no presencialidad.<\/span><\/li>\n<li><span style=\"line-height: 1.5;\">Los comercios esenciales podr\u00e1n abrir con los protocolos vigentes en horario de 06 a 18 horas.<\/span><\/li>\n<li><span style=\"line-height: 1.5;\">Los comercios no esenciales permanecer\u00e1n cerrados en todo el territorio provincial.<\/span><\/li>\n<li><span style=\"line-height: 1.5;\">Los locales gastron\u00f3micos podr\u00e1n trabajar en la modalidad delivery o retiro en el local desde las 06 horas hasta las 00 horas.<\/span><\/li>\n<li><span style=\"line-height: 1.5;\">Se suspende la obra p\u00fablica y privada.<\/span><\/li>\n<li><span style=\"line-height: 1.5;\">Atenci\u00f3n sanitaria: suspensi\u00f3n de cirug\u00edas programadas por el termino de 30 d\u00edas, priorizando las prestaciones quir\u00fargicas urgentes, emergentes y oncol\u00f3gicas que no puedan ser postergadas.<\/span><\/li>\n<li><span style=\"line-height: 1.5;\">Atenci\u00f3n de salud en consultorios del sector privado, se atender\u00e1 con turnos programados y urgencias en los horarios establecidos de circulaci\u00f3n.<\/span><\/li>\n<li><span style=\"line-height: 1.5;\">Deportes: est\u00e1n prohibidos los deportes federados y recreativos en todas sus categor\u00edas y modalidades.<\/span><\/li>\n<li><span style=\"line-height: 1.5;\">Solo podr\u00e1n realizarse caminatas en espacios p\u00fablicos, al aire libre, de cercan\u00eda, en forma individual en el horario autorizado para circular, y dando cumplimiento a las reglas de conducta generales y obligatorias. En ning\u00fan caso se podr\u00e1n realizar reuniones de personas, ni concentraciones, ni pr\u00e1cticas recreativas grupales, ni se podr\u00e1 circular fuera del l\u00edmite de residencia.<\/span><\/li>\n<li><span style=\"line-height: 1.5;\">Permanecer\u00e1n cerrados los clubes, natatorios, gimnasios, canchas de f\u00fatbol y otros establecimientos afines. Las plazas, parques y patios de juegos van a permanecer cerrados.<\/span><\/li>\n<li><span style=\"line-height: 1.5;\">Permanecer\u00e1n cerrados los locales de eventos y otros establecimientos afines, en espacios cerrados o al aire libre.<\/span><\/li>\n<li><span style=\"line-height: 1.5;\">Se encuentran suspendidas las actividades en casinos, salas de juego, bingos, agencias y subagencias de quiniela.<\/span><\/li>\n<li><span style=\"line-height: 1.5;\">Turismo interno: la restricci\u00f3n de circulaci\u00f3n incluye los viajes por motivos tur\u00edsticos.<\/span><\/li>\n<\/ul>\n<p><strong><span style=\"color: #ff0000;\">Control y concientizaci\u00f3n<\/span><\/strong><\/p>\n<p>La Polic\u00eda de San Juan y los equipos de control de los diferentes ministerios y municipalidades van a estar trabajando para garantizar que se respeten cada una de estas medidas. Se van a reforzar los controles en las calles de San Juan.<\/p>\n<p>&nbsp;<\/p>\n<p>&nbsp;<\/p>\n<p>&nbsp;<\/p>\n","protected":false},"excerpt":{"rendered":"<p>Ante el avance de la segunda ola de contagios de coronavirus en todo el pa\u00eds y en consonancia con el<\/p>\n","protected":false},"author":3,"featured_media":1245,"comment_status":"closed","ping_status":"closed","sticky":false,"template":"","format":"standard","meta":{"_acf_changed":false,"_seopress_robots_primary_cat":"none","_seopress_titles_title":"","_seopress_titles_desc":"","_seopress_robots_index":"","colormag_page_container_layout":"default_layout","colormag_page_sidebar_layout":"default_layout","footnotes":""},"categories":[6],"tags":[],"class_list":["post-38048","post","type-post","status-publish","format-standard","has-post-thumbnail","hentry","category-eventos"],"acf":[],"_links":{"self":[{"href":"https:\/\/vocesparalelas.com.ar\/sitio\/wp-json\/wp\/v2\/posts\/38048","targetHints":{"allow":["GET"]}}],"collection":[{"href":"https:\/\/vocesparalelas.com.ar\/sitio\/wp-json\/wp\/v2\/posts"}],"about":[{"href":"https:\/\/vocesparalelas.com.ar\/sitio\/wp-json\/wp\/v2\/types\/post"}],"author":[{"embeddable":true,"href":"https:\/\/vocesparalelas.com.ar\/sitio\/wp-json\/wp\/v2\/users\/3"}],"replies":[{"embeddable":true,"href":"https:\/\/vocesparalelas.com.ar\/sitio\/wp-json\/wp\/v2\/comments?post=38048"}],"version-history":[{"count":1,"href":"https:\/\/vocesparalelas.com.ar\/sitio\/wp-json\/wp\/v2\/posts\/38048\/revisions"}],"predecessor-version":[{"id":38050,"href":"https:\/\/vocesparalelas.com.ar\/sitio\/wp-json\/wp\/v2\/posts\/38048\/revisions\/38050"}],"wp:featuredmedia":[{"embeddable":true,"href":"https:\/\/vocesparalelas.com.ar\/sitio\/wp-json\/wp\/v2\/media\/1245"}],"wp:attachment":[{"href":"https:\/\/vocesparalelas.com.ar\/sitio\/wp-json\/wp\/v2\/media?parent=38048"}],"wp:term":[{"taxonomy":"category","embeddable":true,"href":"https:\/\/vocesparalelas.com.ar\/sitio\/wp-json\/wp\/v2\/categories?post=38048"},{"taxonomy":"post_tag","embeddable":true,"href":"https:\/\/vocesparalelas.com.ar\/sitio\/wp-json\/wp\/v2\/tags?post=38048"}],"curies":[{"name":"wp","href":"https:\/\/api.w.org\/{rel}","templated":true}]}}