{"id":38044,"date":"2021-05-22T21:43:35","date_gmt":"2021-05-23T00:43:35","guid":{"rendered":"http:\/\/vocesparalelas.com.ar\/sitio\/?p=38044"},"modified":"2021-05-24T23:03:52","modified_gmt":"2021-05-25T02:03:52","slug":"el-23-y-el-24-de-mayo-llegan-mas-de-1-millon-de-vacunas-astrazeneca-a-la-argentina","status":"publish","type":"post","link":"https:\/\/vocesparalelas.com.ar\/sitio\/el-23-y-el-24-de-mayo-llegan-mas-de-1-millon-de-vacunas-astrazeneca-a-la-argentina\/","title":{"rendered":"El 23 y el 24 de Mayo llegan m\u00e1s de 1 mill\u00f3n de vacunas AstraZeneca a la Argentina"},"content":{"rendered":"<p>El Domingo, 23 de Mayo, a las 6:15 hs.; arribar\u00e1n al Aeropuerto Internacional de Ezeiza el vuelo de la compa\u00f1\u00eda KLM, con 204.000 dosis de AstraZeneca adquiridas por Argentina a trav\u00e9s del mecanismo Covax.<\/p>\n<p>En tanto, el Lunes, 24 por la tarde, llegan otras 843.000 dosis de AstraZeneca provenientes de Estados Unidos que forman parte de la primera entrega del contrato suscripto por Argentina para la obtenci\u00f3n de 22.4 millones de dosis.<\/p>\n<p>&nbsp;<\/p>\n<p>&nbsp;<\/p>\n<p>&nbsp;<\/p>\n","protected":false},"excerpt":{"rendered":"<p>El Domingo, 23 de Mayo, a las 6:15 hs.; arribar\u00e1n al Aeropuerto Internacional de Ezeiza el vuelo de la compa\u00f1\u00eda<\/p>\n","protected":false},"author":3,"featured_media":38046,"comment_status":"closed","ping_status":"closed","sticky":false,"template":"","format":"standard","meta":{"_acf_changed":false,"_seopress_robots_primary_cat":"none","_seopress_titles_title":"","_seopress_titles_desc":"","_seopress_robots_index":"","colormag_page_container_layout":"default_layout","colormag_page_sidebar_layout":"default_layout","footnotes":""},"categories":[1],"tags":[],"class_list":["post-38044","post","type-post","status-publish","format-standard","has-post-thumbnail","hentry","category-destacadas"],"acf":[],"_links":{"self":[{"href":"https:\/\/vocesparalelas.com.ar\/sitio\/wp-json\/wp\/v2\/posts\/38044","targetHints":{"allow":["GET"]}}],"collection":[{"href":"https:\/\/vocesparalelas.com.ar\/sitio\/wp-json\/wp\/v2\/posts"}],"about":[{"href":"https:\/\/vocesparalelas.com.ar\/sitio\/wp-json\/wp\/v2\/types\/post"}],"author":[{"embeddable":true,"href":"https:\/\/vocesparalelas.com.ar\/sitio\/wp-json\/wp\/v2\/users\/3"}],"replies":[{"embeddable":true,"href":"https:\/\/vocesparalelas.com.ar\/sitio\/wp-json\/wp\/v2\/comments?post=38044"}],"version-history":[{"count":1,"href":"https:\/\/vocesparalelas.com.ar\/sitio\/wp-json\/wp\/v2\/posts\/38044\/revisions"}],"predecessor-version":[{"id":38047,"href":"https:\/\/vocesparalelas.com.ar\/sitio\/wp-json\/wp\/v2\/posts\/38044\/revisions\/38047"}],"wp:featuredmedia":[{"embeddable":true,"href":"https:\/\/vocesparalelas.com.ar\/sitio\/wp-json\/wp\/v2\/media\/38046"}],"wp:attachment":[{"href":"https:\/\/vocesparalelas.com.ar\/sitio\/wp-json\/wp\/v2\/media?parent=38044"}],"wp:term":[{"taxonomy":"category","embeddable":true,"href":"https:\/\/vocesparalelas.com.ar\/sitio\/wp-json\/wp\/v2\/categories?post=38044"},{"taxonomy":"post_tag","embeddable":true,"href":"https:\/\/vocesparalelas.com.ar\/sitio\/wp-json\/wp\/v2\/tags?post=38044"}],"curies":[{"name":"wp","href":"https:\/\/api.w.org\/{rel}","templated":true}]}}