{"id":38037,"date":"2021-05-22T19:29:05","date_gmt":"2021-05-22T22:29:05","guid":{"rendered":"http:\/\/vocesparalelas.com.ar\/sitio\/?p=38037"},"modified":"2021-05-23T13:23:36","modified_gmt":"2021-05-23T16:23:36","slug":"las-juntas-de-clasificacion-de-todos-los-niveles-educativo-suspenden-sus-actividades-presenciales","status":"publish","type":"post","link":"https:\/\/vocesparalelas.com.ar\/sitio\/las-juntas-de-clasificacion-de-todos-los-niveles-educativo-suspenden-sus-actividades-presenciales\/","title":{"rendered":"Las Juntas de Clasificaci\u00f3n de todos los Niveles Educativo suspenden sus actividades presenciales"},"content":{"rendered":"<p>Ante las medidas de confinamiento estricto implementadas por el Poder Ejecutivo Nacional y de San Juan\u00a0en resguardo de la salud de la poblaci\u00f3n, se informa que las Juntas de Calificaci\u00f3n y Clasificaci\u00f3n suspendieron actividades.<\/p>\n<p>La Junta de Clasificaci\u00f3n Docente Rama Primaria informa la suspensi\u00f3n de todas las actividades hasta el 30 de mayo. Finalizadas las medidas restrictivas, se comunicar\u00e1n las nuevas fechas y horarios.<\/p>\n<p>La Junta de Clasificaci\u00f3n Docente Rama Media y Superior comunica que se suspende la atenci\u00f3n al p\u00fablico, como as\u00ed tambi\u00e9n todos los llamados especiales del 26 al 28 de mayo. Se informar\u00e1 la reprogramaci\u00f3n de actividades.<\/p>\n<p>La Junta de Clasificaci\u00f3n Docente Rama T\u00e9cnica, Agrot\u00e9cnica, Monot\u00e9cnica, de Formaci\u00f3n Profesional y Capacitaci\u00f3n Laboral informa que suspende los actos, llamados y atenci\u00f3n al p\u00fablico hasta el 30 de mayo.<\/p>\n<p>La Junta de Calificaci\u00f3n y Clasificaci\u00f3n de Gabinetes T\u00e9cnicos Interdisciplinarios de Educaci\u00f3n, informa que suspende la atenci\u00f3n al p\u00fablico hasta el 30 de mayo. Las consultas ser\u00e1n recibidas a los tel\u00e9fonos 264-5437214, 264-5114092, 264-4588368.<\/p>\n<p>&nbsp;<\/p>\n<p>&nbsp;<\/p>\n","protected":false},"excerpt":{"rendered":"<p>Ante las medidas de confinamiento estricto implementadas por el Poder Ejecutivo Nacional y de San Juan\u00a0en resguardo de la salud<\/p>\n","protected":false},"author":3,"featured_media":28629,"comment_status":"closed","ping_status":"closed","sticky":false,"template":"","format":"standard","meta":{"_acf_changed":false,"_seopress_robots_primary_cat":"none","_seopress_titles_title":"","_seopress_titles_desc":"","_seopress_robots_index":"","colormag_page_container_layout":"default_layout","colormag_page_sidebar_layout":"default_layout","footnotes":""},"categories":[5],"tags":[],"class_list":["post-38037","post","type-post","status-publish","format-standard","has-post-thumbnail","hentry","category-ofrecimientos"],"acf":[],"_links":{"self":[{"href":"https:\/\/vocesparalelas.com.ar\/sitio\/wp-json\/wp\/v2\/posts\/38037","targetHints":{"allow":["GET"]}}],"collection":[{"href":"https:\/\/vocesparalelas.com.ar\/sitio\/wp-json\/wp\/v2\/posts"}],"about":[{"href":"https:\/\/vocesparalelas.com.ar\/sitio\/wp-json\/wp\/v2\/types\/post"}],"author":[{"embeddable":true,"href":"https:\/\/vocesparalelas.com.ar\/sitio\/wp-json\/wp\/v2\/users\/3"}],"replies":[{"embeddable":true,"href":"https:\/\/vocesparalelas.com.ar\/sitio\/wp-json\/wp\/v2\/comments?post=38037"}],"version-history":[{"count":1,"href":"https:\/\/vocesparalelas.com.ar\/sitio\/wp-json\/wp\/v2\/posts\/38037\/revisions"}],"predecessor-version":[{"id":38039,"href":"https:\/\/vocesparalelas.com.ar\/sitio\/wp-json\/wp\/v2\/posts\/38037\/revisions\/38039"}],"wp:featuredmedia":[{"embeddable":true,"href":"https:\/\/vocesparalelas.com.ar\/sitio\/wp-json\/wp\/v2\/media\/28629"}],"wp:attachment":[{"href":"https:\/\/vocesparalelas.com.ar\/sitio\/wp-json\/wp\/v2\/media?parent=38037"}],"wp:term":[{"taxonomy":"category","embeddable":true,"href":"https:\/\/vocesparalelas.com.ar\/sitio\/wp-json\/wp\/v2\/categories?post=38037"},{"taxonomy":"post_tag","embeddable":true,"href":"https:\/\/vocesparalelas.com.ar\/sitio\/wp-json\/wp\/v2\/tags?post=38037"}],"curies":[{"name":"wp","href":"https:\/\/api.w.org\/{rel}","templated":true}]}}