{"id":38024,"date":"2021-05-21T23:11:32","date_gmt":"2021-05-22T02:11:32","guid":{"rendered":"http:\/\/vocesparalelas.com.ar\/sitio\/?p=38024"},"modified":"2021-05-21T23:11:32","modified_gmt":"2021-05-22T02:11:32","slug":"el-dnu-que-rige-en-la-republica-argentina-con-fuerte-confinamiento-durante-9-dias","status":"publish","type":"post","link":"https:\/\/vocesparalelas.com.ar\/sitio\/el-dnu-que-rige-en-la-republica-argentina-con-fuerte-confinamiento-durante-9-dias\/","title":{"rendered":"El DNU que rige en la Rep\u00fablica Argentina con fuerte confinamiento durante 9 d\u00edas"},"content":{"rendered":"<p class=\"paragraph\">Luego de varias horas de incertidumbre tras el anticipo de la medida que hizo a trav\u00e9s de una cadena nacional, el presidente Dr.\u00a0Alberto Fern\u00e1ndez finalmente firm\u00f3 el Decreto de Necesidad y Urgencia &#8211; DNU -que establece las nuevas restricciones que tienen por objetivo disminuir la circulaci\u00f3n, en el marco de la segunda ola de contagios de coronavirus.<\/p>\n<p class=\"paragraph\">El documento, que ser\u00e1 publicado en el Bolet\u00edn Oficial, incluye todas las decisiones que ya hab\u00eda adelantado el Gobierno, como el confinamiento estricto que comienza el S\u00e1bado, 22 \u00a0hasta el Domingo, 30 de Mayo, que durante 9 d\u00eda se desarrolla fuertes controles.<\/p>\n<div class=\"inline ad-wrapper\">\n<div class=\"dfpAd \n            display_inline_block ad_margin_wrapper text--center\"><\/p>\n<div id=\"infobae\/politica\/nota\/inline\" class=\"infobae\/politica\/nota\/inline arcad\" data-google-query-id=\"CJHc7OiV3PACFcw2uQYdERUJtQ\">\n<div id=\"google_ads_iframe_\/1058609\/infobae\/politica\/nota\/inline_0__container__\">\n<p class=\"paragraph\">En primer lugar, el DNU prorrog\u00f3 \u201chasta el d\u00eda 11 de junio\u201d las diferentes restricciones que estaban vigentes hasta el momento y que son implementadas de manera diferente en cada distrito del pa\u00eds, de acuerdo con su situaci\u00f3n sanitaria particular.<\/p>\n<p class=\"paragraph\">Sobre este punto, la nueva normativa aclara que \u201clos grandes aglomerados urbanos, departamentos o partidos de m\u00e1s de 300.000 habitantes, ser\u00e1n considerados en Situaci\u00f3n de Alarma Epidemiol\u00f3gica y Sanitaria cuando la incidencia definida como el n\u00famero de casos confirmados acumulados de los \u00faltimos 14 d\u00edas por 100.000 habitantes sea igual o superior a 500 o el porcentaje de ocupaci\u00f3n de camas de terapia intensiva sea mayor al 80 %\u201d.<\/p>\n<p><a href=\"https:\/\/vocesparalelas.com.ar\/sitio\/wp-content\/uploads\/2021\/05\/DECRE-2021-0334-APN-PTE.pdf\">DECRE-2021-0334-APN-PTE<\/a><\/p>\n<\/div>\n<p>Fuente: Infobae<\/p>\n<div id=\"google_ads_iframe_\/1058609\/infobae\/politica\/nota\/inline_0__container__\">\n<p>&nbsp;<\/p>\n<\/div>\n<\/div>\n<\/div>\n<\/div>\n","protected":false},"excerpt":{"rendered":"<p>Luego de varias horas de incertidumbre tras el anticipo de la medida que hizo a trav\u00e9s de una cadena nacional,<\/p>\n","protected":false},"author":3,"featured_media":38027,"comment_status":"closed","ping_status":"closed","sticky":false,"template":"","format":"standard","meta":{"_acf_changed":false,"_seopress_robots_primary_cat":"none","_seopress_titles_title":"","_seopress_titles_desc":"","_seopress_robots_index":"","colormag_page_container_layout":"default_layout","colormag_page_sidebar_layout":"default_layout","footnotes":""},"categories":[1],"tags":[],"class_list":["post-38024","post","type-post","status-publish","format-standard","has-post-thumbnail","hentry","category-destacadas"],"acf":[],"_links":{"self":[{"href":"https:\/\/vocesparalelas.com.ar\/sitio\/wp-json\/wp\/v2\/posts\/38024","targetHints":{"allow":["GET"]}}],"collection":[{"href":"https:\/\/vocesparalelas.com.ar\/sitio\/wp-json\/wp\/v2\/posts"}],"about":[{"href":"https:\/\/vocesparalelas.com.ar\/sitio\/wp-json\/wp\/v2\/types\/post"}],"author":[{"embeddable":true,"href":"https:\/\/vocesparalelas.com.ar\/sitio\/wp-json\/wp\/v2\/users\/3"}],"replies":[{"embeddable":true,"href":"https:\/\/vocesparalelas.com.ar\/sitio\/wp-json\/wp\/v2\/comments?post=38024"}],"version-history":[{"count":1,"href":"https:\/\/vocesparalelas.com.ar\/sitio\/wp-json\/wp\/v2\/posts\/38024\/revisions"}],"predecessor-version":[{"id":38028,"href":"https:\/\/vocesparalelas.com.ar\/sitio\/wp-json\/wp\/v2\/posts\/38024\/revisions\/38028"}],"wp:featuredmedia":[{"embeddable":true,"href":"https:\/\/vocesparalelas.com.ar\/sitio\/wp-json\/wp\/v2\/media\/38027"}],"wp:attachment":[{"href":"https:\/\/vocesparalelas.com.ar\/sitio\/wp-json\/wp\/v2\/media?parent=38024"}],"wp:term":[{"taxonomy":"category","embeddable":true,"href":"https:\/\/vocesparalelas.com.ar\/sitio\/wp-json\/wp\/v2\/categories?post=38024"},{"taxonomy":"post_tag","embeddable":true,"href":"https:\/\/vocesparalelas.com.ar\/sitio\/wp-json\/wp\/v2\/tags?post=38024"}],"curies":[{"name":"wp","href":"https:\/\/api.w.org\/{rel}","templated":true}]}}