{"id":38019,"date":"2021-05-21T20:44:06","date_gmt":"2021-05-21T23:44:06","guid":{"rendered":"http:\/\/vocesparalelas.com.ar\/sitio\/?p=38019"},"modified":"2021-05-21T23:21:40","modified_gmt":"2021-05-22T02:21:40","slug":"se-amplian-los-controles-de-la-policiia-de-san-juan-para-dar-cumplimiento-a-las-medidas-de-confinamiento","status":"publish","type":"post","link":"https:\/\/vocesparalelas.com.ar\/sitio\/se-amplian-los-controles-de-la-policiia-de-san-juan-para-dar-cumplimiento-a-las-medidas-de-confinamiento\/","title":{"rendered":"Se amplian los controles de la Polici\u00eda de San Juan para dar cumplimiento a las medidas de confinamiento"},"content":{"rendered":"<p>El Gobierno de la Provincia de San Juan, a trav\u00e9s de la Secretar\u00eda de Estado de Seguridad y Orden P\u00fablico, dispone de mayores controles policiales para asegurar el cumplimiento del decreto.<\/p>\n<p>Los mencionados controles estan apostados en calles y rutas de toda la provincia para dar cumplimiento a las disposiciones nacionales a las que el Gobierno de San Juan adhiri\u00f3.<\/p>\n<p>Las medidas dispuestas por el Ejecutivo provincial entran en vigencia a partir de las 00:00 horas del S\u00e1bado, 22 hasta el Domingo, 30 de Mayo.<\/p>\n<p>Asimismo, se solicita a la ciudadan\u00eda en general cumplir y hacer observar las medidas y los protocolos, como tambi\u00e9n apela a la responsabilidad individual para evitar la suba de contagios y el colapso del sistema de salud.<\/p>\n<p>&nbsp;<\/p>\n<p>&nbsp;<\/p>\n","protected":false},"excerpt":{"rendered":"<p>El Gobierno de la Provincia de San Juan, a trav\u00e9s de la Secretar\u00eda de Estado de Seguridad y Orden P\u00fablico,<\/p>\n","protected":false},"author":3,"featured_media":27234,"comment_status":"closed","ping_status":"closed","sticky":false,"template":"","format":"standard","meta":{"_acf_changed":false,"_seopress_robots_primary_cat":"none","_seopress_titles_title":"","_seopress_titles_desc":"","_seopress_robots_index":"","colormag_page_container_layout":"default_layout","colormag_page_sidebar_layout":"default_layout","footnotes":""},"categories":[6],"tags":[],"class_list":["post-38019","post","type-post","status-publish","format-standard","has-post-thumbnail","hentry","category-eventos"],"acf":[],"_links":{"self":[{"href":"https:\/\/vocesparalelas.com.ar\/sitio\/wp-json\/wp\/v2\/posts\/38019","targetHints":{"allow":["GET"]}}],"collection":[{"href":"https:\/\/vocesparalelas.com.ar\/sitio\/wp-json\/wp\/v2\/posts"}],"about":[{"href":"https:\/\/vocesparalelas.com.ar\/sitio\/wp-json\/wp\/v2\/types\/post"}],"author":[{"embeddable":true,"href":"https:\/\/vocesparalelas.com.ar\/sitio\/wp-json\/wp\/v2\/users\/3"}],"replies":[{"embeddable":true,"href":"https:\/\/vocesparalelas.com.ar\/sitio\/wp-json\/wp\/v2\/comments?post=38019"}],"version-history":[{"count":2,"href":"https:\/\/vocesparalelas.com.ar\/sitio\/wp-json\/wp\/v2\/posts\/38019\/revisions"}],"predecessor-version":[{"id":38022,"href":"https:\/\/vocesparalelas.com.ar\/sitio\/wp-json\/wp\/v2\/posts\/38019\/revisions\/38022"}],"wp:featuredmedia":[{"embeddable":true,"href":"https:\/\/vocesparalelas.com.ar\/sitio\/wp-json\/wp\/v2\/media\/27234"}],"wp:attachment":[{"href":"https:\/\/vocesparalelas.com.ar\/sitio\/wp-json\/wp\/v2\/media?parent=38019"}],"wp:term":[{"taxonomy":"category","embeddable":true,"href":"https:\/\/vocesparalelas.com.ar\/sitio\/wp-json\/wp\/v2\/categories?post=38019"},{"taxonomy":"post_tag","embeddable":true,"href":"https:\/\/vocesparalelas.com.ar\/sitio\/wp-json\/wp\/v2\/tags?post=38019"}],"curies":[{"name":"wp","href":"https:\/\/api.w.org\/{rel}","templated":true}]}}