{"id":38015,"date":"2021-05-21T20:22:26","date_gmt":"2021-05-21T23:22:26","guid":{"rendered":"http:\/\/vocesparalelas.com.ar\/sitio\/?p=38015"},"modified":"2021-05-21T23:22:17","modified_gmt":"2021-05-22T02:22:17","slug":"desarrollo-de-la-vacunacion-contra-el-covid-19-durante-el-confinamiento-sanitario","status":"publish","type":"post","link":"https:\/\/vocesparalelas.com.ar\/sitio\/desarrollo-de-la-vacunacion-contra-el-covid-19-durante-el-confinamiento-sanitario\/","title":{"rendered":"Desarrollo de la vacunaci\u00f3n contra el COVID-19 durante el confinamiento sanitario"},"content":{"rendered":"<p>El Gobierno de San Juan adhiri\u00f3 a la medida nacional de confinamiento estricto por 9 d\u00edas, con el fin de mitigar la segunda ola de la pandemia de COVID-19 que afecta a todo el territorio nacional.<\/p>\n<p>El Ministerio de Salud P\u00fablica, a trav\u00e9s del Programa Provincial de Inmunizaciones, est\u00e1 llevando adelante una exhaustiva campa\u00f1a de vacunaci\u00f3n en todos los departamentos.<\/p>\n<p>Esta campa\u00f1a contin\u00faa durante el confinamiento, el Lunes, 24 hasta las 14 horas, mientras que el Mi\u00e9rcoles, 26; el Jueves, 27 y el Viernes, 28 de Mayo, hasta las 16 hs., con la consecuente reprogramaci\u00f3n de turnos.<\/p>\n<p>Es importante aclarar que aquellas personas que se dirijan a los centros de vacunaci\u00f3n deben mostrar en caso de ser solicitado, el turno correspondiente o en su defecto indicar fehacientemente la sede de vacunaci\u00f3n a la que se dirige y el motivo.<\/p>\n<p><strong><span style=\"color: #ff0000;\">Las personas deben asistir con<\/span><\/strong><\/p>\n<ul>\n<li>Constancia de turno y carnet de vacunaci\u00f3n (en caso de tenerlos)<\/li>\n<li>DNI, sin s\u00edntomas compatibles con COVID-19<\/li>\n<li>Certificaci\u00f3n requerida para la vacunaci\u00f3n<\/li>\n<\/ul>\n<p><span style=\"color: #ff0000;\"><strong>Lugares previstos de vacunaci\u00f3n<\/strong><\/span><\/p>\n<p>La provincia de San Juan cuenta hoy con los siguientes Centros de vacunaci\u00f3n distribuidos en toda la provincia.<\/p>\n<p>&nbsp;<\/p>\n<p><img loading=\"lazy\" decoding=\"async\" class=\"alignnone wp-image-38017 size-full\" src=\"https:\/\/vocesparalelas.com.ar\/sitio\/wp-content\/uploads\/2021\/05\/salud-21-05.jpg\" alt=\"\" width=\"800\" height=\"771\" srcset=\"https:\/\/vocesparalelas.com.ar\/sitio\/wp-content\/uploads\/2021\/05\/salud-21-05.jpg 800w, https:\/\/vocesparalelas.com.ar\/sitio\/wp-content\/uploads\/2021\/05\/salud-21-05-300x289.jpg 300w, https:\/\/vocesparalelas.com.ar\/sitio\/wp-content\/uploads\/2021\/05\/salud-21-05-768x740.jpg 768w\" sizes=\"auto, (max-width: 800px) 100vw, 800px\" \/><\/p>\n","protected":false},"excerpt":{"rendered":"<p>El Gobierno de San Juan adhiri\u00f3 a la medida nacional de confinamiento estricto por 9 d\u00edas, con el fin de<\/p>\n","protected":false},"author":3,"featured_media":37696,"comment_status":"closed","ping_status":"closed","sticky":false,"template":"","format":"standard","meta":{"_acf_changed":false,"_seopress_robots_primary_cat":"none","_seopress_titles_title":"","_seopress_titles_desc":"","_seopress_robots_index":"","colormag_page_container_layout":"default_layout","colormag_page_sidebar_layout":"default_layout","footnotes":""},"categories":[6],"tags":[],"class_list":["post-38015","post","type-post","status-publish","format-standard","has-post-thumbnail","hentry","category-eventos"],"acf":[],"_links":{"self":[{"href":"https:\/\/vocesparalelas.com.ar\/sitio\/wp-json\/wp\/v2\/posts\/38015","targetHints":{"allow":["GET"]}}],"collection":[{"href":"https:\/\/vocesparalelas.com.ar\/sitio\/wp-json\/wp\/v2\/posts"}],"about":[{"href":"https:\/\/vocesparalelas.com.ar\/sitio\/wp-json\/wp\/v2\/types\/post"}],"author":[{"embeddable":true,"href":"https:\/\/vocesparalelas.com.ar\/sitio\/wp-json\/wp\/v2\/users\/3"}],"replies":[{"embeddable":true,"href":"https:\/\/vocesparalelas.com.ar\/sitio\/wp-json\/wp\/v2\/comments?post=38015"}],"version-history":[{"count":1,"href":"https:\/\/vocesparalelas.com.ar\/sitio\/wp-json\/wp\/v2\/posts\/38015\/revisions"}],"predecessor-version":[{"id":38018,"href":"https:\/\/vocesparalelas.com.ar\/sitio\/wp-json\/wp\/v2\/posts\/38015\/revisions\/38018"}],"wp:featuredmedia":[{"embeddable":true,"href":"https:\/\/vocesparalelas.com.ar\/sitio\/wp-json\/wp\/v2\/media\/37696"}],"wp:attachment":[{"href":"https:\/\/vocesparalelas.com.ar\/sitio\/wp-json\/wp\/v2\/media?parent=38015"}],"wp:term":[{"taxonomy":"category","embeddable":true,"href":"https:\/\/vocesparalelas.com.ar\/sitio\/wp-json\/wp\/v2\/categories?post=38015"},{"taxonomy":"post_tag","embeddable":true,"href":"https:\/\/vocesparalelas.com.ar\/sitio\/wp-json\/wp\/v2\/tags?post=38015"}],"curies":[{"name":"wp","href":"https:\/\/api.w.org\/{rel}","templated":true}]}}