{"id":38010,"date":"2021-05-21T19:34:06","date_gmt":"2021-05-21T22:34:06","guid":{"rendered":"http:\/\/vocesparalelas.com.ar\/sitio\/?p=38010"},"modified":"2021-05-23T12:56:13","modified_gmt":"2021-05-23T15:56:13","slug":"se-suspenden-los-actos-de-ofrecimientos-de-horas-y-cargos-en-todos-los-niveles-del-lunes-24-de-mayo","status":"publish","type":"post","link":"https:\/\/vocesparalelas.com.ar\/sitio\/se-suspenden-los-actos-de-ofrecimientos-de-horas-y-cargos-en-todos-los-niveles-del-lunes-24-de-mayo\/","title":{"rendered":"Se suspenden los actos de ofrecimientos de horas y cargos en todos los niveles del Lunes, 24 de Mayo"},"content":{"rendered":"<p>La Direcci\u00f3n de \u00c1rea Administrativa del Ministerio de Educaci\u00f3n del Gobierno de San Juan, informa que se suspenden los actos de ofrecimientos de horas c\u00e1tedra y cargos en todos los niveles educativos del Lunes, 24 de Mayo.<\/p>\n<p>Esto es ante la decisi\u00f3n del Gobierno Nacional de restablecer el feriado puente del 24 de Mayo, en el marco de la restricci\u00f3n en prevenci\u00f3n sanitaria ante la pandemia<\/p>\n","protected":false},"excerpt":{"rendered":"<p>La Direcci\u00f3n de \u00c1rea Administrativa del Ministerio de Educaci\u00f3n del Gobierno de San Juan, informa que se suspenden los actos<\/p>\n","protected":false},"author":3,"featured_media":28629,"comment_status":"closed","ping_status":"closed","sticky":false,"template":"","format":"standard","meta":{"_acf_changed":false,"_seopress_robots_primary_cat":"none","_seopress_titles_title":"","_seopress_titles_desc":"","_seopress_robots_index":"","colormag_page_container_layout":"default_layout","colormag_page_sidebar_layout":"default_layout","footnotes":""},"categories":[5],"tags":[],"class_list":["post-38010","post","type-post","status-publish","format-standard","has-post-thumbnail","hentry","category-ofrecimientos"],"acf":[],"_links":{"self":[{"href":"https:\/\/vocesparalelas.com.ar\/sitio\/wp-json\/wp\/v2\/posts\/38010","targetHints":{"allow":["GET"]}}],"collection":[{"href":"https:\/\/vocesparalelas.com.ar\/sitio\/wp-json\/wp\/v2\/posts"}],"about":[{"href":"https:\/\/vocesparalelas.com.ar\/sitio\/wp-json\/wp\/v2\/types\/post"}],"author":[{"embeddable":true,"href":"https:\/\/vocesparalelas.com.ar\/sitio\/wp-json\/wp\/v2\/users\/3"}],"replies":[{"embeddable":true,"href":"https:\/\/vocesparalelas.com.ar\/sitio\/wp-json\/wp\/v2\/comments?post=38010"}],"version-history":[{"count":1,"href":"https:\/\/vocesparalelas.com.ar\/sitio\/wp-json\/wp\/v2\/posts\/38010\/revisions"}],"predecessor-version":[{"id":38012,"href":"https:\/\/vocesparalelas.com.ar\/sitio\/wp-json\/wp\/v2\/posts\/38010\/revisions\/38012"}],"wp:featuredmedia":[{"embeddable":true,"href":"https:\/\/vocesparalelas.com.ar\/sitio\/wp-json\/wp\/v2\/media\/28629"}],"wp:attachment":[{"href":"https:\/\/vocesparalelas.com.ar\/sitio\/wp-json\/wp\/v2\/media?parent=38010"}],"wp:term":[{"taxonomy":"category","embeddable":true,"href":"https:\/\/vocesparalelas.com.ar\/sitio\/wp-json\/wp\/v2\/categories?post=38010"},{"taxonomy":"post_tag","embeddable":true,"href":"https:\/\/vocesparalelas.com.ar\/sitio\/wp-json\/wp\/v2\/tags?post=38010"}],"curies":[{"name":"wp","href":"https:\/\/api.w.org\/{rel}","templated":true}]}}