{"id":38007,"date":"2021-05-21T19:28:15","date_gmt":"2021-05-21T22:28:15","guid":{"rendered":"http:\/\/vocesparalelas.com.ar\/sitio\/?p=38007"},"modified":"2021-05-22T22:38:26","modified_gmt":"2021-05-23T01:38:26","slug":"convoca-a-inscripcion-anual-de-junio-ciclo-lectivo-2022-de-la-junta-rama-media-y-superior","status":"publish","type":"post","link":"https:\/\/vocesparalelas.com.ar\/sitio\/convoca-a-inscripcion-anual-de-junio-ciclo-lectivo-2022-de-la-junta-rama-media-y-superior\/","title":{"rendered":"Convoca a inscripci\u00f3n anual de Junio \u00abCiclo Lectivo 2022\u00bb de la Junta Rama Media y Superior"},"content":{"rendered":"<p>En el marco de la emergencia sanitaria originada por el COVID -19, en cumplimiento de los protocolos sanitarios preventivos la Junta de Clasificaci\u00f3n Docente Rama Media y Superior informa a los docentes interesados en cubrir Interinatos y Suplencias en los distintos establecimientos educativos de la provincia para el Ciclo Lectivo 2022.<\/p>\n<p><span style=\"color: #339966;\"><strong>Procedimiento de inscripci\u00f3n<\/strong><\/span><\/p>\n<ul>\n<li>El docente debe ingresar a la p\u00e1gina oficial del Ministerio de Educaci\u00f3n durante el mes de Junio de 2021 y reservar el turno de Inscripci\u00f3n para Interinatos y Suplencias del Ciclo Lectivo 2022.<\/li>\n<li>Descargar e imprimir el formulario de inscripci\u00f3n, que se encuentra en la p\u00e1gina oficial del Ministerio de Educaci\u00f3n.<\/li>\n<li>Completar el formulario con sus datos personales, espacios curriculares y cargos en que desea inscribirse. Para esta elecci\u00f3n puede consultar la Competencia de T\u00edtulos en la misma p\u00e1gina web.<\/li>\n<\/ul>\n<p>Si el interesado no realiza correctamente la elecci\u00f3n de los espacios curriculares de acuerdo con su t\u00edtulo, la Junta toma el criterio de repetir las asignaturas seleccionadas por el docente el a\u00f1o anterior de inscripci\u00f3n o decidir sobre estos.<\/p>\n<p>Bajo estricto protocolo sanitario preventivo en la sede de calle Laprida 372 este, tienen que entregar en fecha y horario asignado, la documentaci\u00f3n en un sobre papel madera tama\u00f1o oficio cerrado, respetando el siguiente orden:<\/p>\n<ol>\n<li>Formulario<\/li>\n<li>Prestaci\u00f3n de Servicios<\/li>\n<li>Certificados que anexa<\/li>\n<li>Otros<\/li>\n<\/ol>\n<ul>\n<li>Es importante destacar que el aspirante sin turno, no puede acceder a la Inscripci\u00f3n. Una vez confirmado el turno, debe asistir el d\u00eda y hora asignado, sin excepci\u00f3n. Cabe aclarar que la entrega de la documentaci\u00f3n puede NO ser personal, si ya ha completado debidamente el formulario de inscripci\u00f3n, podr\u00e1 hacerlo llegar por una persona de su confianza.<\/li>\n<li>El exterior del sobre papel madera debe contener los siguientes datos del docente: Apellido y Nombre, DNI, tel\u00e9fono de contacto y la cantidad de folios que incorpora.<\/li>\n<li>Junta entrega un comprobante de inscripci\u00f3n acreditando fecha de la misma y la cantidad de folios que contiene el sobre.<\/li>\n<li>La valoraci\u00f3n de la documentaci\u00f3n presentada en el sobre se realiza sin presencia del docente (trabajo interno).<\/li>\n<li>La notificaci\u00f3n del listado de docentes inscriptos y su puntaje de valoraci\u00f3n es publicado en la p\u00e1gina oficial del Ministerio de Educaci\u00f3n.<\/li>\n<li>Inscripci\u00f3n de Docentes en ZONAS ALEJADAS: los mismos tendr\u00e1n que reservar turno en la Unidad de Gesti\u00f3n correspondiente a su departamento, durante el mes de Junio de 2021. A continuaci\u00f3n, se deber\u00e1 seguir id\u00e9ntico procedimiento que en la inscripci\u00f3n en sede de Junta. El cronograma de recepci\u00f3n de la documentaci\u00f3n para valoraci\u00f3n de antecedentes y m\u00e9ritos correspondiente a las visitas en Zonas Alejadas ser\u00e1 oficialmente publicado y difundido. Las fechas quedar\u00e1n sujetas a las directivas nacionales y provinciales, respecto a la Pandemia COVID &#8211; 19, podr\u00e1n variar o quedar sin efecto, en obediencia a las medidas dispuestas por el Gobierno Nacional y Provincial.<\/li>\n<\/ul>\n<p><span style=\"color: #339966;\"><strong>Requisitos<\/strong><\/span><\/p>\n<p><span style=\"color: #339966;\"><strong>Quienes se inscriben por primera vez<\/strong><\/span><\/p>\n<ul>\n<li>Carpeta tipo espiral.<\/li>\n<li>Fotocopia legalizada del DNI, cara y contracara.<\/li>\n<li>Fotocopia legalizada del t\u00edtulo secundario registrado.<\/li>\n<li>Fotocopia legalizada del t\u00edtulo superior registrado o certificado provisorio del mismo, firmado por autoridad competente.<\/li>\n<li>Fotocopia legalizada por el Ministerio de Educaci\u00f3n de certificados de cursos realizados hasta el 30\/06\/2021.<\/li>\n<li>Certificaci\u00f3n de Servicio (si la hubiere)<\/li>\n<li>Otros.<\/li>\n<\/ul>\n<p><span style=\"color: #339966;\"><strong>Quienes ya poseen carpeta en Junta<\/strong><\/span><\/p>\n<ul>\n<li>Fotocopia legalizada por el Ministerio de Educaci\u00f3n de certificados de cursos realizados hasta el 30 de Junio de 2021.<\/li>\n<li>En caso que el docente presenta un nuevo T\u00edtulo, Pos T\u00edtulo, Especializaci\u00f3n, Actualizaci\u00f3n o Diplomatura deber\u00e1n estar registrados y legalizados por el Ministerio de Educaci\u00f3n. Se recibir\u00e1 el certificado provisorio original de T\u00edtulo firmado por autoridad competente.<\/li>\n<li>Certificaci\u00f3n de Servicio.<\/li>\n<li>Otros.<\/li>\n<\/ul>\n<p>Por consultas los interesados comunicarse de 8 a 13 horas al 430-7982<\/p>\n","protected":false},"excerpt":{"rendered":"<p>En el marco de la emergencia sanitaria originada por el COVID -19, en cumplimiento de los protocolos sanitarios preventivos la<\/p>\n","protected":false},"author":3,"featured_media":28823,"comment_status":"closed","ping_status":"closed","sticky":false,"template":"","format":"standard","meta":{"_acf_changed":false,"_seopress_robots_primary_cat":"none","_seopress_titles_title":"","_seopress_titles_desc":"","_seopress_robots_index":"","colormag_page_container_layout":"default_layout","colormag_page_sidebar_layout":"default_layout","footnotes":""},"categories":[2],"tags":[],"class_list":["post-38007","post","type-post","status-publish","format-standard","has-post-thumbnail","hentry","category-convocatorias"],"acf":[],"_links":{"self":[{"href":"https:\/\/vocesparalelas.com.ar\/sitio\/wp-json\/wp\/v2\/posts\/38007","targetHints":{"allow":["GET"]}}],"collection":[{"href":"https:\/\/vocesparalelas.com.ar\/sitio\/wp-json\/wp\/v2\/posts"}],"about":[{"href":"https:\/\/vocesparalelas.com.ar\/sitio\/wp-json\/wp\/v2\/types\/post"}],"author":[{"embeddable":true,"href":"https:\/\/vocesparalelas.com.ar\/sitio\/wp-json\/wp\/v2\/users\/3"}],"replies":[{"embeddable":true,"href":"https:\/\/vocesparalelas.com.ar\/sitio\/wp-json\/wp\/v2\/comments?post=38007"}],"version-history":[{"count":1,"href":"https:\/\/vocesparalelas.com.ar\/sitio\/wp-json\/wp\/v2\/posts\/38007\/revisions"}],"predecessor-version":[{"id":38009,"href":"https:\/\/vocesparalelas.com.ar\/sitio\/wp-json\/wp\/v2\/posts\/38007\/revisions\/38009"}],"wp:featuredmedia":[{"embeddable":true,"href":"https:\/\/vocesparalelas.com.ar\/sitio\/wp-json\/wp\/v2\/media\/28823"}],"wp:attachment":[{"href":"https:\/\/vocesparalelas.com.ar\/sitio\/wp-json\/wp\/v2\/media?parent=38007"}],"wp:term":[{"taxonomy":"category","embeddable":true,"href":"https:\/\/vocesparalelas.com.ar\/sitio\/wp-json\/wp\/v2\/categories?post=38007"},{"taxonomy":"post_tag","embeddable":true,"href":"https:\/\/vocesparalelas.com.ar\/sitio\/wp-json\/wp\/v2\/tags?post=38007"}],"curies":[{"name":"wp","href":"https:\/\/api.w.org\/{rel}","templated":true}]}}