{"id":37998,"date":"2021-05-21T13:22:46","date_gmt":"2021-05-21T16:22:46","guid":{"rendered":"http:\/\/vocesparalelas.com.ar\/sitio\/?p=37998"},"modified":"2021-05-22T22:37:01","modified_gmt":"2021-05-23T01:37:01","slug":"el-proceso-eleccionario-en-la-unsj-sigue-igual","status":"publish","type":"post","link":"https:\/\/vocesparalelas.com.ar\/sitio\/el-proceso-eleccionario-en-la-unsj-sigue-igual\/","title":{"rendered":"El proceso eleccionario en la UNSJ sigue igual"},"content":{"rendered":"<p>Desde la Junta Electoral de la UNSJ, que fiscaliza el proceso para las pr\u00f3ximas elecciones generales del 10 de junio, se dio a conocer al Consejo Superior que por ahora, se continuar\u00e1 con el cumplimiento del calendario electoral tal cual estaba previsto.<\/p>\n<p>La presidente de la Junta, Laura Monserrat, intervino en varias oportunidades durante la sesi\u00f3n extraordinaria de hoy, ante los requerimientos de las y los consejeros superiores. En ese sentido, explic\u00f3 que la Junta ya ha elaborado un protocolo para las elecciones, que ser\u00e1 elevado al cuerpo en las pr\u00f3ximas horas para su tratamiento. En su elaboraci\u00f3n, contaron con el asesoramiento de miembros del Comit\u00e9 de Expertos COVID. Monserrat tambi\u00e9n explic\u00f3 que las actividades previstas para la semana que viene, como son la presentaci\u00f3n de impugnaciones a las listas de candidatos y los correspondientes descargos, pueden realizarse en forma virtual, por lo que no ser\u00eda necesaria la presencialidad en esas instancias.<\/p>\n<p>En otro orden, la funcionaria explic\u00f3 c\u00f3mo se trabaj\u00f3 con el padr\u00f3n de egresados y c\u00f3mo se procedi\u00f3 con la presentaci\u00f3n de avales presenciales y virtuales, aclarando que \u201ctodas las listas que se presentaron alcanzaron la cantidad de avales requeridos\u201d.<\/p>\n<p>El Consejo Superior tambi\u00e9n aprob\u00f3 la pr\u00f3rroga por un a\u00f1o de todos los proyectos de extensi\u00f3n de la \u00faltima convocatoria, as\u00ed como la continuidad por el mismo lapso de los becarios afectados a los mismos.<\/p>\n<p>&nbsp;<\/p>\n<p>&nbsp;<\/p>\n<p>&nbsp;<\/p>\n","protected":false},"excerpt":{"rendered":"<p>Desde la Junta Electoral de la UNSJ, que fiscaliza el proceso para las pr\u00f3ximas elecciones generales del 10 de junio,<\/p>\n","protected":false},"author":3,"featured_media":36750,"comment_status":"closed","ping_status":"closed","sticky":false,"template":"","format":"standard","meta":{"_acf_changed":false,"_seopress_robots_primary_cat":"none","_seopress_titles_title":"","_seopress_titles_desc":"","_seopress_robots_index":"","colormag_page_container_layout":"default_layout","colormag_page_sidebar_layout":"default_layout","footnotes":""},"categories":[2],"tags":[],"class_list":["post-37998","post","type-post","status-publish","format-standard","has-post-thumbnail","hentry","category-convocatorias"],"acf":[],"_links":{"self":[{"href":"https:\/\/vocesparalelas.com.ar\/sitio\/wp-json\/wp\/v2\/posts\/37998","targetHints":{"allow":["GET"]}}],"collection":[{"href":"https:\/\/vocesparalelas.com.ar\/sitio\/wp-json\/wp\/v2\/posts"}],"about":[{"href":"https:\/\/vocesparalelas.com.ar\/sitio\/wp-json\/wp\/v2\/types\/post"}],"author":[{"embeddable":true,"href":"https:\/\/vocesparalelas.com.ar\/sitio\/wp-json\/wp\/v2\/users\/3"}],"replies":[{"embeddable":true,"href":"https:\/\/vocesparalelas.com.ar\/sitio\/wp-json\/wp\/v2\/comments?post=37998"}],"version-history":[{"count":1,"href":"https:\/\/vocesparalelas.com.ar\/sitio\/wp-json\/wp\/v2\/posts\/37998\/revisions"}],"predecessor-version":[{"id":38000,"href":"https:\/\/vocesparalelas.com.ar\/sitio\/wp-json\/wp\/v2\/posts\/37998\/revisions\/38000"}],"wp:featuredmedia":[{"embeddable":true,"href":"https:\/\/vocesparalelas.com.ar\/sitio\/wp-json\/wp\/v2\/media\/36750"}],"wp:attachment":[{"href":"https:\/\/vocesparalelas.com.ar\/sitio\/wp-json\/wp\/v2\/media?parent=37998"}],"wp:term":[{"taxonomy":"category","embeddable":true,"href":"https:\/\/vocesparalelas.com.ar\/sitio\/wp-json\/wp\/v2\/categories?post=37998"},{"taxonomy":"post_tag","embeddable":true,"href":"https:\/\/vocesparalelas.com.ar\/sitio\/wp-json\/wp\/v2\/tags?post=37998"}],"curies":[{"name":"wp","href":"https:\/\/api.w.org\/{rel}","templated":true}]}}