{"id":37993,"date":"2021-05-21T13:12:37","date_gmt":"2021-05-21T16:12:37","guid":{"rendered":"http:\/\/vocesparalelas.com.ar\/sitio\/?p=37993"},"modified":"2021-05-22T22:37:33","modified_gmt":"2021-05-23T01:37:33","slug":"la-unsj-suspende-el-trabajo-presencial","status":"publish","type":"post","link":"https:\/\/vocesparalelas.com.ar\/sitio\/la-unsj-suspende-el-trabajo-presencial\/","title":{"rendered":"La UNSJ suspende el trabajo presencial"},"content":{"rendered":"<p>Al inicio de la sesi\u00f3n extraordinaria del Consejo Superior del Viernes, 21 de Mayo, el rector de la UNSJ, Dr. Oscar Nasisi, inform\u00f3 la decisi\u00f3n a la que se lleg\u00f3 con respecto a las actividades que se realizan en Rectorado y dependencias.\u00a0Tambi\u00e9n se\u00f1al\u00f3 que \u201ccada decano deber\u00e1 tomar la decisi\u00f3n respecto a las facultades\u201d.<\/p>\n<p>En ese sentido, expres\u00f3 que \u201cse suspenden todas las actividades que se desarrollan en el \u00e1mbito de Rectorado y sus dependencias durante la semana que viene, en consonancia con lo dispuesto por el Gobierno Nacional. Quedar\u00e1n funcionando solamente Liquidaci\u00f3n de Haberes, Salud Universitaria, el Comedor Universitario y la Secretar\u00eda de Comunicaci\u00f3n\u201d.<\/p>\n<p>En cuanto a la Junta Electoral, atender\u00e1 en forma presencial hasta las 20.00 de hoy viernes y durante la semana pr\u00f3xima, continuar\u00e1 trabajando en la virtualidad. La presidenta, Mar\u00eda Laura Monserrat, inform\u00f3 al Consejo Superior que han trabajado en un protocolo para las elecciones con el asesoramiento del Comit\u00e9 de Expertos, que ser\u00e1 remitido en las pr\u00f3ximas horas al Consejo Superior.<\/p>\n<p>&nbsp;<\/p>\n<p>&nbsp;<\/p>\n","protected":false},"excerpt":{"rendered":"<p>Al inicio de la sesi\u00f3n extraordinaria del Consejo Superior del Viernes, 21 de Mayo, el rector de la UNSJ, Dr.<\/p>\n","protected":false},"author":3,"featured_media":35141,"comment_status":"closed","ping_status":"closed","sticky":false,"template":"","format":"standard","meta":{"_acf_changed":false,"_seopress_robots_primary_cat":"none","_seopress_titles_title":"","_seopress_titles_desc":"","_seopress_robots_index":"","colormag_page_container_layout":"default_layout","colormag_page_sidebar_layout":"default_layout","footnotes":""},"categories":[6],"tags":[],"class_list":["post-37993","post","type-post","status-publish","format-standard","has-post-thumbnail","hentry","category-eventos"],"acf":[],"_links":{"self":[{"href":"https:\/\/vocesparalelas.com.ar\/sitio\/wp-json\/wp\/v2\/posts\/37993","targetHints":{"allow":["GET"]}}],"collection":[{"href":"https:\/\/vocesparalelas.com.ar\/sitio\/wp-json\/wp\/v2\/posts"}],"about":[{"href":"https:\/\/vocesparalelas.com.ar\/sitio\/wp-json\/wp\/v2\/types\/post"}],"author":[{"embeddable":true,"href":"https:\/\/vocesparalelas.com.ar\/sitio\/wp-json\/wp\/v2\/users\/3"}],"replies":[{"embeddable":true,"href":"https:\/\/vocesparalelas.com.ar\/sitio\/wp-json\/wp\/v2\/comments?post=37993"}],"version-history":[{"count":4,"href":"https:\/\/vocesparalelas.com.ar\/sitio\/wp-json\/wp\/v2\/posts\/37993\/revisions"}],"predecessor-version":[{"id":38023,"href":"https:\/\/vocesparalelas.com.ar\/sitio\/wp-json\/wp\/v2\/posts\/37993\/revisions\/38023"}],"wp:featuredmedia":[{"embeddable":true,"href":"https:\/\/vocesparalelas.com.ar\/sitio\/wp-json\/wp\/v2\/media\/35141"}],"wp:attachment":[{"href":"https:\/\/vocesparalelas.com.ar\/sitio\/wp-json\/wp\/v2\/media?parent=37993"}],"wp:term":[{"taxonomy":"category","embeddable":true,"href":"https:\/\/vocesparalelas.com.ar\/sitio\/wp-json\/wp\/v2\/categories?post=37993"},{"taxonomy":"post_tag","embeddable":true,"href":"https:\/\/vocesparalelas.com.ar\/sitio\/wp-json\/wp\/v2\/tags?post=37993"}],"curies":[{"name":"wp","href":"https:\/\/api.w.org\/{rel}","templated":true}]}}