{"id":37985,"date":"2021-05-20T23:18:18","date_gmt":"2021-05-21T02:18:18","guid":{"rendered":"http:\/\/vocesparalelas.com.ar\/sitio\/?p=37985"},"modified":"2021-05-20T23:27:58","modified_gmt":"2021-05-21T02:27:58","slug":"se-reunio-la-asamblea-universitaria-conforme-al-estatuto","status":"publish","type":"post","link":"https:\/\/vocesparalelas.com.ar\/sitio\/se-reunio-la-asamblea-universitaria-conforme-al-estatuto\/","title":{"rendered":"Se reuni\u00f3 la Asamblea Universitaria conforme al estatuto"},"content":{"rendered":"<p>Con la presencia de m\u00e1s de 60 asamble\u00edstas, finalmente pudo realizarse la sesi\u00f3n ordinaria anual de la Asamblea Universitaria, en formato virtual.<\/p>\n<p>Como se recordar\u00e1, la Asamblea del a\u00f1o 2020 no pudo realizar a causa de la pandemia, por lo que durante la sesi\u00f3n ordinaria de hoy se consideraron dos memorias: la del per\u00edodo 2019-2020 y 2020-2021. Previo a la lectura de la memoria, la asamble\u00edsta Gabriela Sim\u00f3n pidi\u00f3 un minuto de silencio por todos y todas las personas integrantes de la comunidad de la UNSJ fallecidos por COVID.<\/p>\n<p>Luego, por secretar\u00eda de la Asamblea, se dio lectura a una s\u00edntesis de la memoria de Rectorado y dependencias. A su turno, cada unidad acad\u00e9mica hizo lo propio con las distintas actividades realizadas, poniendo \u00e9nfasis en las estrategias puestas en marcha durante la cuarentena para favorecer la virtualidad. Tambi\u00e9n se tom\u00f3 conocimiento que cada unidad acad\u00e9mica puso en marcha acciones solidarias para asistir y contener a los estudiantes en situaci\u00f3n de vulnerabilidad.<\/p>\n<p>El punto en com\u00fan de las intervenciones realizadas desde cada unidad acad\u00e9mica qued\u00f3 de manifiesto la continuidad de actividades en el \u00e1mbito de la UNSJ, pese a la pandemia.<\/p>\n<p>Al mismo tiempo, tambi\u00e9n se renov\u00f3 el compromiso de seguir trabajando para superar los obst\u00e1culos que se presentaron con la bimodalidad presencial-virtual, durante lo que resta de 2021.<\/p>\n<p>Luego de las lecturas, las y los asamble\u00edstas tomaron conocimiento de ambas memorias y se dio por finalizada la reuni\u00f3n.<\/p>\n<p>&nbsp;<\/p>\n<p>&nbsp;<\/p>\n<p>&nbsp;<\/p>\n<p>&nbsp;<\/p>\n","protected":false},"excerpt":{"rendered":"<p>Con la presencia de m\u00e1s de 60 asamble\u00edstas, finalmente pudo realizarse la sesi\u00f3n ordinaria anual de la Asamblea Universitaria, en<\/p>\n","protected":false},"author":3,"featured_media":37900,"comment_status":"closed","ping_status":"closed","sticky":false,"template":"","format":"standard","meta":{"_acf_changed":false,"_seopress_robots_primary_cat":"none","_seopress_titles_title":"","_seopress_titles_desc":"","_seopress_robots_index":"","colormag_page_container_layout":"default_layout","colormag_page_sidebar_layout":"default_layout","footnotes":""},"categories":[1],"tags":[],"class_list":["post-37985","post","type-post","status-publish","format-standard","has-post-thumbnail","hentry","category-destacadas"],"acf":[],"_links":{"self":[{"href":"https:\/\/vocesparalelas.com.ar\/sitio\/wp-json\/wp\/v2\/posts\/37985","targetHints":{"allow":["GET"]}}],"collection":[{"href":"https:\/\/vocesparalelas.com.ar\/sitio\/wp-json\/wp\/v2\/posts"}],"about":[{"href":"https:\/\/vocesparalelas.com.ar\/sitio\/wp-json\/wp\/v2\/types\/post"}],"author":[{"embeddable":true,"href":"https:\/\/vocesparalelas.com.ar\/sitio\/wp-json\/wp\/v2\/users\/3"}],"replies":[{"embeddable":true,"href":"https:\/\/vocesparalelas.com.ar\/sitio\/wp-json\/wp\/v2\/comments?post=37985"}],"version-history":[{"count":2,"href":"https:\/\/vocesparalelas.com.ar\/sitio\/wp-json\/wp\/v2\/posts\/37985\/revisions"}],"predecessor-version":[{"id":37988,"href":"https:\/\/vocesparalelas.com.ar\/sitio\/wp-json\/wp\/v2\/posts\/37985\/revisions\/37988"}],"wp:featuredmedia":[{"embeddable":true,"href":"https:\/\/vocesparalelas.com.ar\/sitio\/wp-json\/wp\/v2\/media\/37900"}],"wp:attachment":[{"href":"https:\/\/vocesparalelas.com.ar\/sitio\/wp-json\/wp\/v2\/media?parent=37985"}],"wp:term":[{"taxonomy":"category","embeddable":true,"href":"https:\/\/vocesparalelas.com.ar\/sitio\/wp-json\/wp\/v2\/categories?post=37985"},{"taxonomy":"post_tag","embeddable":true,"href":"https:\/\/vocesparalelas.com.ar\/sitio\/wp-json\/wp\/v2\/tags?post=37985"}],"curies":[{"name":"wp","href":"https:\/\/api.w.org\/{rel}","templated":true}]}}