{"id":37969,"date":"2021-05-20T21:31:29","date_gmt":"2021-05-21T00:31:29","guid":{"rendered":"http:\/\/vocesparalelas.com.ar\/sitio\/?p=37969"},"modified":"2021-05-21T19:44:16","modified_gmt":"2021-05-21T22:44:16","slug":"convocan-a-pacientes-recuperados-de-covid-19-a-donar-plasma","status":"publish","type":"post","link":"https:\/\/vocesparalelas.com.ar\/sitio\/convocan-a-pacientes-recuperados-de-covid-19-a-donar-plasma\/","title":{"rendered":"Convocan a pacientes recuperados de COVID-19 a donar plasma"},"content":{"rendered":"<p>El coordinador del Instituto Provincial de Hemoterapia &#8211; IPHEM -, Dr. Alfredo Laplagne se mostr\u00f3 preocupado por la falta de donaciones de plasma, ya que en los \u00faltimos d\u00edas no han recibido ninguna, y la situaci\u00f3n se torna cada vez m\u00e1s alarmante.<\/p>\n<p>\u201cNuestro stock ha bajado mucho, de estar en 150 unidades de plasma la semana pasada, hoy estamos en 60 y est\u00e1 disminuyendo r\u00e1pidamente\u201d, explic\u00f3 el funcionario, quien asegur\u00f3 que \u201cen los \u00faltimos 15 d\u00edas no ha venido nadie\u201d.<\/p>\n<p>\u201cSe administra plasma a pacientes mayores de 75 a\u00f1os con menos de tres d\u00edas de s\u00edntomas, que no est\u00e9n graves y con diagn\u00f3stico confirmado de COVID-19\u201d, expres\u00f3 el funcionario. La idea es prevenir que los pacientes tengan un estadio grave de la enfermedad y sin complicaciones.<\/p>\n<p>Laplagne cont\u00f3 que \u201cen San Juan estamos teniendo todos los d\u00edas entre 6 o 7 pedidos transfusionales porque est\u00e1n apareciendo personas que se encuadran entre los requisitos para recibir este elemento l\u00edquido\u00bb.<\/p>\n<p>Entre los posibles motivos que generan falta de donaciones, est\u00e1 \u201cla saturaci\u00f3n que tenemos de la enfermedad. Estamos cansados y esto hace que ya no le demos importancia\u201d, sostuvo el coordinador, que sin embargo aclar\u00f3 que \u201cno se trata de miedo o temor de llegar hasta los centros asistenciales porque mucha gente se acerca a donar sangre\u201d, explic\u00f3.<\/p>\n<p>Desde el IPHEM se\u00f1alan que es importante que la poblaci\u00f3n recuperada de COVID-19, con 30 d\u00edas de alta m\u00e9dica, conozca que est\u00e1 disponible el 4223571 de lunes a viernes de 07.30 a 12.30 hs, para donar plasma. \u201cEn este tel\u00e9fono habr\u00e1 una persona para dar los turnos y luego se ver\u00e1 si la cantidad de anticuerpos que tiene alcanza para que sea donante\u201d, expres\u00f3 Laplagne.<\/p>\n<p>Seg\u00fan las estad\u00edsticas, no todas las personas que padecieron la enfermedad podr\u00e1n ser donantes de plasma. De cada 10 pacientes recuperados de COVID-19, solo 1 a 3 tienen la cantidad de anticuerpos necesarios para poder donar.<\/p>\n<p>&nbsp;<\/p>\n<p>&nbsp;<\/p>\n","protected":false},"excerpt":{"rendered":"<p>El coordinador del Instituto Provincial de Hemoterapia &#8211; IPHEM -, Dr. Alfredo Laplagne se mostr\u00f3 preocupado por la falta de<\/p>\n","protected":false},"author":3,"featured_media":37971,"comment_status":"closed","ping_status":"closed","sticky":false,"template":"","format":"standard","meta":{"_acf_changed":false,"_seopress_robots_primary_cat":"none","_seopress_titles_title":"","_seopress_titles_desc":"","_seopress_robots_index":"","colormag_page_container_layout":"default_layout","colormag_page_sidebar_layout":"default_layout","footnotes":""},"categories":[6],"tags":[],"class_list":["post-37969","post","type-post","status-publish","format-standard","has-post-thumbnail","hentry","category-eventos"],"acf":[],"_links":{"self":[{"href":"https:\/\/vocesparalelas.com.ar\/sitio\/wp-json\/wp\/v2\/posts\/37969","targetHints":{"allow":["GET"]}}],"collection":[{"href":"https:\/\/vocesparalelas.com.ar\/sitio\/wp-json\/wp\/v2\/posts"}],"about":[{"href":"https:\/\/vocesparalelas.com.ar\/sitio\/wp-json\/wp\/v2\/types\/post"}],"author":[{"embeddable":true,"href":"https:\/\/vocesparalelas.com.ar\/sitio\/wp-json\/wp\/v2\/users\/3"}],"replies":[{"embeddable":true,"href":"https:\/\/vocesparalelas.com.ar\/sitio\/wp-json\/wp\/v2\/comments?post=37969"}],"version-history":[{"count":1,"href":"https:\/\/vocesparalelas.com.ar\/sitio\/wp-json\/wp\/v2\/posts\/37969\/revisions"}],"predecessor-version":[{"id":37972,"href":"https:\/\/vocesparalelas.com.ar\/sitio\/wp-json\/wp\/v2\/posts\/37969\/revisions\/37972"}],"wp:featuredmedia":[{"embeddable":true,"href":"https:\/\/vocesparalelas.com.ar\/sitio\/wp-json\/wp\/v2\/media\/37971"}],"wp:attachment":[{"href":"https:\/\/vocesparalelas.com.ar\/sitio\/wp-json\/wp\/v2\/media?parent=37969"}],"wp:term":[{"taxonomy":"category","embeddable":true,"href":"https:\/\/vocesparalelas.com.ar\/sitio\/wp-json\/wp\/v2\/categories?post=37969"},{"taxonomy":"post_tag","embeddable":true,"href":"https:\/\/vocesparalelas.com.ar\/sitio\/wp-json\/wp\/v2\/tags?post=37969"}],"curies":[{"name":"wp","href":"https:\/\/api.w.org\/{rel}","templated":true}]}}