{"id":37966,"date":"2021-05-20T21:25:38","date_gmt":"2021-05-21T00:25:38","guid":{"rendered":"http:\/\/vocesparalelas.com.ar\/sitio\/?p=37966"},"modified":"2021-05-22T22:39:16","modified_gmt":"2021-05-23T01:39:16","slug":"san-juan-adhiere-a-las-medidas-de-confinamiento-estricto-de-la-nacion","status":"publish","type":"post","link":"https:\/\/vocesparalelas.com.ar\/sitio\/san-juan-adhiere-a-las-medidas-de-confinamiento-estricto-de-la-nacion\/","title":{"rendered":"San Juan adhiere a las medidas de confinamiento estricto de la Naci\u00f3n"},"content":{"rendered":"<p>El presidente de la Naci\u00f3n, Dr. Alberto Fern\u00e1ndez, anunci\u00f3 el Jueves, 20 de Mayo, por la noche la implementaci\u00f3n de un confinamiento estricto por 9 d\u00edas con el fin de mitigar la segunda ola de la pandemia de Covid-19 que afecta al pa\u00eds.<\/p>\n<p>En ese marco, San Juan adhiere Decreto Nacional y emitir\u00e1 una norma provincial con el fin de priorizar acciones dirigidas a salvaguardar la salud de la poblaci\u00f3n.<\/p>\n<p>Apelando a la responsabilidad social y la colaboraci\u00f3n de los sanjuaninos, las medidas dispuestas por el Ejecutivo provincial entrar\u00e1n en vigencia a partir de las 00:00 horas del S\u00e1bado, 22 al Domingo, 30 de Mayo.<\/p>\n<p>El Gobierno de San Juan articula con los municipios y los dem\u00e1s poderes de Estado el estricto control del cumplimiento de las mencionadas medidas.<\/p>\n<p>Asimismo, se solicita a la ciudadan\u00eda en general cumplir y hacer observar las medidas y los protocolos, como tambi\u00e9n apela a la responsabilidad individual para evitar la suba de contagios y el colapso del sistema de salud.<\/p>\n<p>&nbsp;<\/p>\n<p>&nbsp;<\/p>\n","protected":false},"excerpt":{"rendered":"<p>El presidente de la Naci\u00f3n, Dr. Alberto Fern\u00e1ndez, anunci\u00f3 el Jueves, 20 de Mayo, por la noche la implementaci\u00f3n de<\/p>\n","protected":false},"author":3,"featured_media":1245,"comment_status":"closed","ping_status":"closed","sticky":false,"template":"","format":"standard","meta":{"_acf_changed":false,"_seopress_robots_primary_cat":"none","_seopress_titles_title":"","_seopress_titles_desc":"","_seopress_robots_index":"","colormag_page_container_layout":"default_layout","colormag_page_sidebar_layout":"default_layout","footnotes":""},"categories":[6],"tags":[],"class_list":["post-37966","post","type-post","status-publish","format-standard","has-post-thumbnail","hentry","category-eventos"],"acf":[],"_links":{"self":[{"href":"https:\/\/vocesparalelas.com.ar\/sitio\/wp-json\/wp\/v2\/posts\/37966","targetHints":{"allow":["GET"]}}],"collection":[{"href":"https:\/\/vocesparalelas.com.ar\/sitio\/wp-json\/wp\/v2\/posts"}],"about":[{"href":"https:\/\/vocesparalelas.com.ar\/sitio\/wp-json\/wp\/v2\/types\/post"}],"author":[{"embeddable":true,"href":"https:\/\/vocesparalelas.com.ar\/sitio\/wp-json\/wp\/v2\/users\/3"}],"replies":[{"embeddable":true,"href":"https:\/\/vocesparalelas.com.ar\/sitio\/wp-json\/wp\/v2\/comments?post=37966"}],"version-history":[{"count":1,"href":"https:\/\/vocesparalelas.com.ar\/sitio\/wp-json\/wp\/v2\/posts\/37966\/revisions"}],"predecessor-version":[{"id":37968,"href":"https:\/\/vocesparalelas.com.ar\/sitio\/wp-json\/wp\/v2\/posts\/37966\/revisions\/37968"}],"wp:featuredmedia":[{"embeddable":true,"href":"https:\/\/vocesparalelas.com.ar\/sitio\/wp-json\/wp\/v2\/media\/1245"}],"wp:attachment":[{"href":"https:\/\/vocesparalelas.com.ar\/sitio\/wp-json\/wp\/v2\/media?parent=37966"}],"wp:term":[{"taxonomy":"category","embeddable":true,"href":"https:\/\/vocesparalelas.com.ar\/sitio\/wp-json\/wp\/v2\/categories?post=37966"},{"taxonomy":"post_tag","embeddable":true,"href":"https:\/\/vocesparalelas.com.ar\/sitio\/wp-json\/wp\/v2\/tags?post=37966"}],"curies":[{"name":"wp","href":"https:\/\/api.w.org\/{rel}","templated":true}]}}