{"id":37955,"date":"2021-05-20T20:04:21","date_gmt":"2021-05-20T23:04:21","guid":{"rendered":"http:\/\/vocesparalelas.com.ar\/sitio\/?p=37955"},"modified":"2021-05-21T23:31:05","modified_gmt":"2021-05-22T02:31:05","slug":"deben-presentar-factura-de-mayo-los-contratados-de-servicios-generales-y-personal-administrativo","status":"publish","type":"post","link":"https:\/\/vocesparalelas.com.ar\/sitio\/deben-presentar-factura-de-mayo-los-contratados-de-servicios-generales-y-personal-administrativo\/","title":{"rendered":"Deben presentar factura de Mayo los Contratados de Servicios Generales y personal administrativo"},"content":{"rendered":"<p>La Secretar\u00eda de Coordinaci\u00f3n Administrativa y Financiera del Ministerio de Educaci\u00f3n del Gobierno de San Juan informa que las personas bajo el r\u00e9gimen de Contratos Administrativos de Colaboraci\u00f3n para Tareas Administrativas y de Servicios Generales que poseen Contratos de Colaboraci\u00f3n, deben presentar facturas del mes de mayo.<\/p>\n<p>El personal de Servicios Generales (porteros) deben presentar al director del establecimiento educativo donde se desempe\u00f1a la Factura Electr\u00f3nica correspondiente al mes de mayo 2021. Luego el equipo directivo o responsable designado para esta tarea deber\u00e1 entregarlas en el centro c\u00edvico seg\u00fan el siguiente cronograma:<\/p>\n<p><img loading=\"lazy\" decoding=\"async\" class=\"alignnone wp-image-37958 size-full\" src=\"https:\/\/vocesparalelas.com.ar\/sitio\/wp-content\/uploads\/2021\/05\/PORTEROS-CRONOGRAMA.jpg\" alt=\"\" width=\"800\" height=\"473\" srcset=\"https:\/\/vocesparalelas.com.ar\/sitio\/wp-content\/uploads\/2021\/05\/PORTEROS-CRONOGRAMA.jpg 800w, https:\/\/vocesparalelas.com.ar\/sitio\/wp-content\/uploads\/2021\/05\/PORTEROS-CRONOGRAMA-300x177.jpg 300w, https:\/\/vocesparalelas.com.ar\/sitio\/wp-content\/uploads\/2021\/05\/PORTEROS-CRONOGRAMA-768x454.jpg 768w\" sizes=\"auto, (max-width: 800px) 100vw, 800px\" \/><\/p>\n<p>&nbsp;<\/p>\n<p>&nbsp;<\/p>\n","protected":false},"excerpt":{"rendered":"<p>La Secretar\u00eda de Coordinaci\u00f3n Administrativa y Financiera del Ministerio de Educaci\u00f3n del Gobierno de San Juan informa que las personas<\/p>\n","protected":false},"author":3,"featured_media":37957,"comment_status":"closed","ping_status":"closed","sticky":false,"template":"","format":"standard","meta":{"_acf_changed":false,"_seopress_robots_primary_cat":"none","_seopress_titles_title":"","_seopress_titles_desc":"","_seopress_robots_index":"","colormag_page_container_layout":"default_layout","colormag_page_sidebar_layout":"default_layout","footnotes":""},"categories":[5],"tags":[],"class_list":["post-37955","post","type-post","status-publish","format-standard","has-post-thumbnail","hentry","category-ofrecimientos"],"acf":[],"_links":{"self":[{"href":"https:\/\/vocesparalelas.com.ar\/sitio\/wp-json\/wp\/v2\/posts\/37955","targetHints":{"allow":["GET"]}}],"collection":[{"href":"https:\/\/vocesparalelas.com.ar\/sitio\/wp-json\/wp\/v2\/posts"}],"about":[{"href":"https:\/\/vocesparalelas.com.ar\/sitio\/wp-json\/wp\/v2\/types\/post"}],"author":[{"embeddable":true,"href":"https:\/\/vocesparalelas.com.ar\/sitio\/wp-json\/wp\/v2\/users\/3"}],"replies":[{"embeddable":true,"href":"https:\/\/vocesparalelas.com.ar\/sitio\/wp-json\/wp\/v2\/comments?post=37955"}],"version-history":[{"count":1,"href":"https:\/\/vocesparalelas.com.ar\/sitio\/wp-json\/wp\/v2\/posts\/37955\/revisions"}],"predecessor-version":[{"id":37959,"href":"https:\/\/vocesparalelas.com.ar\/sitio\/wp-json\/wp\/v2\/posts\/37955\/revisions\/37959"}],"wp:featuredmedia":[{"embeddable":true,"href":"https:\/\/vocesparalelas.com.ar\/sitio\/wp-json\/wp\/v2\/media\/37957"}],"wp:attachment":[{"href":"https:\/\/vocesparalelas.com.ar\/sitio\/wp-json\/wp\/v2\/media?parent=37955"}],"wp:term":[{"taxonomy":"category","embeddable":true,"href":"https:\/\/vocesparalelas.com.ar\/sitio\/wp-json\/wp\/v2\/categories?post=37955"},{"taxonomy":"post_tag","embeddable":true,"href":"https:\/\/vocesparalelas.com.ar\/sitio\/wp-json\/wp\/v2\/tags?post=37955"}],"curies":[{"name":"wp","href":"https:\/\/api.w.org\/{rel}","templated":true}]}}