{"id":37949,"date":"2021-05-19T23:14:00","date_gmt":"2021-05-20T02:14:00","guid":{"rendered":"http:\/\/vocesparalelas.com.ar\/sitio\/?p=37949"},"modified":"2021-05-19T23:14:00","modified_gmt":"2021-05-20T02:14:00","slug":"se-desarrolla-la-cuarta-sesion-del-periodo-ordinario-de-la-camara-de-diputados-de-san-juan","status":"publish","type":"post","link":"https:\/\/vocesparalelas.com.ar\/sitio\/se-desarrolla-la-cuarta-sesion-del-periodo-ordinario-de-la-camara-de-diputados-de-san-juan\/","title":{"rendered":"Se desarrolla la Cuarta Sesi\u00f3n del per\u00edodo ordinario de la C\u00e1mara de Diputados de San Juan"},"content":{"rendered":"<div class=\"itemFullText jbintrotext\">\n<p>El Jueves, 20 de Mayo, a partir de las 9.30 hs., la C\u00e1mara de Diputados llevar\u00e1 a cabo la Cuarta Sesi\u00f3n del per\u00edodo ordinario, en cuyo transcurso aborda dos proyectos de ley presentados por el bloque Justicialista que tienen que ver, por un lado, con la creaci\u00f3n de un R\u00e9gimen excepcional de escrituraci\u00f3n de viviendas sociales, y por el otro, con la regulaci\u00f3n de remuneraciones de autoridades m\u00e1ximas de Entes Centralizados o Descentralizados, Empresas, Sociedades y Agencias del Estado, o de las que \u00e9ste forma parte, que existen en el \u00e1mbito del Poder Ejecutivo.<\/p>\n<\/div>\n<div class=\"itemFullText\">\n<p>Adem\u00e1s, trata seis proyectos de Ley remitidos por el Poder Ejecutivo que proponen ratificar: un contrato que dispone la prestaci\u00f3n de maquinarias y movilidades en calidad de comodato entre la Secretar\u00eda de Ambiente y la Municipalidad de Chimbas; un convenio entre Ambiente y la Municipalidad de Rivadavia para la realizaci\u00f3n de visitas al complejo Anchipurac, el Parque de la Biodiversidad y las \u00e1reas protegidas de San Juan; tambi\u00e9n un acuerdo entre Ambiente y la Municipalidad de Caucete para la ejecuci\u00f3n del Programa Estrat\u00e9gico de Gesti\u00f3n Integral de Residuos S\u00f3lidos Urbanos (PEGIRSU); otros convenios de colaboraci\u00f3n mutua entre el Ministerio de Obras y Servicios P\u00fablicos de la Provincia de San Juan y el Instituto Nacional del Agua \u00abINA\u00bb; y entre Secretar\u00eda de Estado de Ambiente y Desarrollo Sustentable y el Municipio de Rivadavia para realizar campa\u00f1as que tiendan a la preservaci\u00f3n de los recursos naturales; y por \u00faltimo, un convenio de colaboraci\u00f3n, suscripto entre Ambiente y la Minera Andina del Sol para la recuperaci\u00f3n de los Residuos de Artefactos El\u00e9ctricos y Electr\u00f3nicos de la entidad.<\/p>\n<p>Asimismo, el cuerpo legislativo considera un proyecto presentado por Interbloque (Justicialista, Frente Grande &#8211; Unidad Ciudadana, Bloquista, Confe Somos San Juan, Producci\u00f3n y Trabajo, San Juan Primero, Actuar, Del Este, Pro-Juntos por el cambio), por el que se declara el m\u00e1s en\u00e9rgico repudio institucional ante hechos y manifestaciones de car\u00e1cter fascista ocurridos en la provincia. Tambi\u00e9n, abordar\u00e1 una comunicaci\u00f3n oficial remitida por la Corte de Justicia por la renuncia de una jueza de Paz Letrada; y dos proyectos de Ley del Ejecutivo, uno sobre la expropiaci\u00f3n de un inmueble en Calingasta a los fines de proteger la diversidad biol\u00f3gica y cultural del lugar; y otro referido a la Creaci\u00f3n del \u00c1rea Protegida Manantiales.<\/p>\n<p><span style=\"color: #800080;\"><strong>R\u00e9gimen excepcional de escrituraci\u00f3n de viviendas sociales<\/strong><\/span><\/p>\n<p>Con despacho favorable de las respectivas comisiones, los diputados y diputadas deber\u00e1n considerar si otorgan acuerdo a un proyecto de Ley presentado por el bloque Justicialista, mediante el cual propone crear un R\u00e9gimen excepcional de escrituraci\u00f3n de los inmuebles en los que se han construidos o financiado viviendas por el Instituyo Provincial de la Vivienda (IPV), ya sea que figure \u00e9ste como titular de dominio, el Estado Provincial, los Municipios, el Estado Nacional o terceros particulares.<\/p>\n<p>Este r\u00e9gimen es aplicable, \u00fanicamente, a las personas que sean adjudicatarias o beneficiarios de asistencia financiera de viviendas, con anterioridad al 31 de diciembre del a\u00f1o 2019 y que se encuentren en alguna de las circunstancias dispuestas en el art\u00edculo 4\u00ba que establece lo siguiente:<\/p>\n<p>\u201cART\u00cdCULO 4\u00ba.- El Instituto Provincial de la Vivienda, conforme a la reglamentaci\u00f3n que dicte, debe evaluar las condiciones t\u00e9cnicas, administrativas y legales para escriturar. Las personas que pueden acceder al presente r\u00e9gimen son: 1) Las personas adjudicatarias en venta, con Resoluci\u00f3n a su favor vigente. 2) Las personas humanas poseedoras de la vivienda \u00fanica, familiar y permanente, que acrediten una posesi\u00f3n p\u00fablica, pac\u00edfica y continua durante tres (3) a\u00f1os, cumplidos al 31 de diciembre de 2019. 3) El o la c\u00f3nyuge sup\u00e9rstite y las personas herederas del poseedor originario, que hayan continuado con la ocupaci\u00f3n de la vivienda; 4) Las personas que, sin ser declaradas herederas, hubiesen convivido con el poseedor originario, recibiendo trato familiar por un lapso no menor de tres (3) a\u00f1os cumplidos al 31 de diciembre de 2019 y que hayan continuado poseyendo el inmueble. Urgencia y gratuidad administrativa.<\/p>\n<p>Cabe se\u00f1alar que las actuaciones administrativas que se lleven a cabo como consecuencia del r\u00e9gimen dispuesto por esta ley, tienen car\u00e1cter preferencial y urgente. Las personas gozar\u00e1n del beneficio especial de la gratuidad en los costos de escrituraci\u00f3n. Para llevar a cabo la transferencia a favor del IPV, es suficiente el plano de mensura que corresponda a la nomenclatura catastral de origen, emitido por la Direcci\u00f3n de Geodesia y Catastro por \u00fanica vez para tal fin, aun cuando este plano no se encuentre vigente. Para transferir al dominio p\u00fablico las calles, espacios verdes y equipamientos de los barrios, es suficiente el plano de mensura sin observaciones t\u00e9cnicas o certificaci\u00f3n expedida por la Direcci\u00f3n de Geodesia y Catastro de la Provincia.<\/p>\n<p>Por otro lado, es importante se\u00f1alar que la normativa dispone que las deudas por impuestos, tasas y contribuciones que posee el inmueble, no constituyen impedimento para el otorgamiento de las escrituras, ni obstaculizan la aprobaci\u00f3n de las mensuras realizadas en el marco de la presente ley. El IPV puede coordinar con la Direcci\u00f3n de Regularizaci\u00f3n y Consolidaci\u00f3n Dominial dependiente del Ministerio de Gobierno, la Escriban\u00eda Mayor de Gobierno, la Direcci\u00f3n de Geodesia y Catastro, la Direcci\u00f3n de Planeamiento y Desarrollo Urbano y dem\u00e1s organismos que tengan participaci\u00f3n en el procedimiento para llevar a cabo todas las acciones tendientes a lograr la escrituraci\u00f3n. Asimismo, puede celebrar convenios de colaboraci\u00f3n y cooperaci\u00f3n con distintos Colegios Profesionales de la Provincia, Universidades y Municipios.<\/p>\n<p><span style=\"color: #800080;\"><strong>Remuneraci\u00f3n de autoridades m\u00e1ximas de Entes Centralizados o Descentralizados<\/strong><\/span><\/p>\n<p>Despu\u00e9s, deber\u00e1n tratar el proyecto de Ley presentado por el bloque Justicialista que establece que la remuneraci\u00f3n bruta total mensual, normal y habitual que por todo concepto perciba o puedan percibir las autoridades m\u00e1ximas de los Entes Centralizados o Descentralizados, Empresas, Sociedades y Agencias del Estado, o de las que \u00e9ste forma parte, que existen en el \u00e1mbito del Poder Ejecutivo, con personer\u00eda suficiente para actuar en la esfera del derecho p\u00fablico o privado, gocen o no de autarqu\u00eda, o puedan ser creadas en el futuro, no puede ser superior al noventa por ciento (90%) de la remuneraci\u00f3n bruta total mensual, normal y habitual que por todo concepto perciba el cargo de Ministro del Poder Ejecutivo Provincial.<\/p>\n<p>Asimismo, propone derogar toda disposici\u00f3n que disponga lo contrario a esta Ley, sea del mismo rango legal, inferior, o dictada o emitida como consecuencia de alguna delegaci\u00f3n legal. Y por \u00faltimo, en el art\u00edculo tercero dispone que todos los Entes Centralizados o Descentralizados, Empresas, Sociedades y Agencias del Estado, o de las que \u00e9ste forma parte, citadas en el art\u00edculo 1\u00b0, deben adecuar sus marcos normativos internos y reglamentos para cumplir con lo dispuesto por esta Ley.<\/p>\n<p><span style=\"color: #800080;\"><strong>Contrato de comodato entre la Secretar\u00eda de Ambiente y la Municipalidad de Chimbas<\/strong><\/span><\/p>\n<p>Posteriormente, el cuerpo legislativo deber\u00e1 tratar un proyecto de Ley remitido por el Poder Ejecutivo, mediante mensaje n\u00ba 7, que propone ratificar el contrato de comodato entre la Secretar\u00eda de Estado de Ambiente y Desarrollo Sustentable, y el Municipio de la Ciudad de Chimbas,\u00a0 que tiene por objeto disponer la entrega al Municipio en calidad de comodato, un (1) Cami\u00f3n, dos (2) bateas, un (1) generador el\u00e9ctrico y una (1) bomba auto aspirante para la Obra Civil Centro de Trasbordo del departamento Chimbas situada en calle General Almirante Brown (ex Costa Canal) y calle proyectada Bonduel.<\/p>\n<p><span style=\"color: #800080;\"><strong>Convenio entre Rivadavia y Ambiente para realizar visitas a Anchipurac<\/strong><\/span><\/p>\n<p>Luego, abordar\u00e1 un proyecto de Ley presentado por el Poder Ejecutivo, mediante mensaje n\u00ba 8, que propone aprobar el convenio Marco de Cooperaci\u00f3n suscripto entre la Secretar\u00eda de Estado de Ambiente y Desarrollo Sustentable y el Municipio de Rivadavia, con el objeto de que el Municipio, a trav\u00e9s de las organizaciones sociales, uniones vecinales, centros de Jubilados, Talleres Comunitarios, entre otros, que est\u00e1n nucleados en el ejido municipal puedan conocer y vivir la experiencia Anchipurac, el Parque de la Biodiversidad y las \u00c1reas protegidas de San Juan, trasladando a su cargo a las organizaciones que decida, y quedando eximidos de pago de entradas en los lugares mencionados.<\/p>\n<p><span style=\"color: #800080;\"><strong>Programa Estrat\u00e9gico de Gesti\u00f3n Integral de Residuos S\u00f3lidos Urbanos en Caucete<\/strong><\/span><\/p>\n<p>A continuaci\u00f3n, los diputados y diputadas deber\u00e1n considerar el proyecto de Ley remitido por el Poder Ejecutivo, mediante mensaje n\u00ba 10, que propone ratificar el convenio de Colaboraci\u00f3n y Cooperaci\u00f3n suscripto entre la Secretar\u00eda de Estado de Ambiente y Desarrollo Sustentable y el Municipio de Caucete.<\/p>\n<p>El objeto del presente acuerdo consiste en continuar con el desarrollo y ejecuci\u00f3n del Programa Estrat\u00e9gico de Gesti\u00f3n Integral de Residuos S\u00f3lidos Urbanos (PEGIRSU) y el desarrollo de las capacidades de los Municipios en la Gesti\u00f3n de los Residuos S\u00f3lidos Urbanos (RSU), todo seg\u00fan lo prescripto en la Ley Provincial N\u00b0 1114- L.<\/p>\n<p><span style=\"color: #800080;\"><strong>Convenio con el Instituto Nacional del Agua<\/strong><\/span><\/p>\n<p>Despu\u00e9s, tratar\u00e1n un proyecto de Ley presentado por el Poder Ejecutivo, mediante mensaje n\u00ba 14, que propone aprobar el convenio de Asistencia T\u00e9cnica Rec\u00edproca, y el Acta Complementaria N\u00b0 1 del Convenio de Asistencia T\u00e9cnica Reciproca, suscripto el 3 de noviembre de 2020, entre el Ministerio de Obras y Servicios P\u00fablicos de la Provincia de San Juan, y el Instituto Nacional del Agua \u00abINA\u00bb, en \u00f3rbita de la Secretaria de Infraestructura y Pol\u00edtica H\u00eddrica del Ministerio de Obras Publicas de la Naci\u00f3n.<\/p>\n<p>El objeto de este acuerdo es establecer un programa de colaboraci\u00f3n e intercambio reciproco destinado a la realizaci\u00f3n conjunta y coordinada de proyectos de estudio e investigaci\u00f3n y a la capacitaci\u00f3n de recursos humanos en el campo del conocimiento, aprovechamiento, manejo, control y preservaci\u00f3n de los recursos h\u00eddricos y del ambiente en la Provincia de San Juan. En este sentido el INA en su calidad de Organismo Nacional, a trav\u00e9s de las Subgerencias Centro Regional de Aguas Subterr\u00e1neas y Subgerencia Centro de la Regi\u00f3n Semi\u00e1rida, interviene en la presente Acta Complementaria N\u00b0 1, con el objeto de inspeccionar, informar y asesorar sobre la obra de Perforaci\u00f3n ubicada en el Parque Tur\u00edstico y de Aventura Quebrada de Zonda-Departamento Rivadavia, Provincia de San Juan y dejar establecidos los compromisos de las partes para la ejecuci\u00f3n de la obra.<\/p>\n<p><span style=\"color: #800080;\"><strong>Campa\u00f1as de preservaci\u00f3n de los recursos naturales en Rivadavia<\/strong><\/span><\/p>\n<p>M\u00e1s tarde, los diputados y diputadas deber\u00e1n considerar un proyecto de Ley remitido por el Poder Ejecutivo, mediante mensaje n\u00ba 22, que propone ratificar el convenio de Cooperaci\u00f3n y Asistencia T\u00e9cnica suscrito entre la Secretar\u00eda de Estado de Ambiente y Desarrollo Sustentable y el Municipio de Rivadavia con el objeto llevar a cabo de manera conjunta campa\u00f1as que tiendan a la preservaci\u00f3n de los recursos naturales del departamento y que favorezcan el cuidado del ambiente.<\/p>\n<p><span style=\"color: #800080;\"><strong>Convenio entre Ambiente y la Minera Andina del Sol<\/strong><\/span><\/p>\n<p>Luego, el cuerpo parlamentario deber\u00e1 abordar el proyecto de Ley presentado por el Poder Ejecutivo, mediante mensaje 31, que propone ratificar el convenio de Colaboraci\u00f3n, suscripto entre la Secretar\u00eda de Estado de Ambiente y Desarrollo Sustentable y la Minera Andina del Sol.<\/p>\n<p>El objeto del presente acuerdo es el traslado de los Residuos de Artefactos El\u00e9ctricos y Electr\u00f3nicos (RAEE), actualmente en stock en la Minera Andina Del Sol; al Complejo Ambiental San Juan<strong>.<\/strong><\/p>\n<p><span style=\"color: #800080;\"><strong>Manifestaci\u00f3n de repudio a actos de violencia, odio y discriminaci\u00f3n<\/strong><\/span><\/p>\n<p>Asimismo, la C\u00e1mara tratar\u00e1 sobre tablas en el recinto un proyecto de Declaraci\u00f3n interbloque que expresa lo siguiente:<\/p>\n<p>\u201cEl m\u00e1s en\u00e9rgico repudio institucional ante los hechos recientes de p\u00fablico conocimiento por los cuales se ha constatado, en el territorio provincial, la lamentable y condenable ocurrencia de manifestaciones de car\u00e1cter fascista en perjuicio de Partidos Pol\u00edticos, Instituciones Privadas, medios masivos de comunicaci\u00f3n y docentes en el ejercicio de su funci\u00f3n. Entiende todo acto de violencia, odio y discriminaci\u00f3n, como inaceptable en un Estado Democr\u00e1tico y ratifica el compromiso a seguir promoviendo el respeto y la protecci\u00f3n del pleno ejercicio de los Derechos Humanos de la sociedad sanjuanina, en particular el principio de igualdad y no discriminaci\u00f3n, sin distinci\u00f3n de credo, g\u00e9nero, raza, ideolog\u00eda, en m\u00e9rito a la construcci\u00f3n de una sociedad que ejerza los valores democr\u00e1ticos de igualdad, libertad, justicia y solidaridad\u201d.<\/p>\n<p><span style=\"color: #800080;\"><strong>Renuncia Jueza de Paz Letrada<\/strong><\/span><\/p>\n<p>Adem\u00e1s, deber\u00e1 abordar sobre tablas la comunicaci\u00f3n oficial remitida por la Corte de Justicia de la provincia de San Juan por la que informa sobre la renuncia presentada por la doctora Silvia Rodr\u00edguez al cargo de Jueza de Paz Letrada.<\/p>\n<p><span style=\"color: #800080;\"><strong>Expropiaci\u00f3n de un inmueble en Calingasta<\/strong><\/span><\/p>\n<p>Por otro lado, el cuerpo parlamentario deber\u00e1 considerar si aprueba el proyecto de Ley presentado por el Poder Ejecutivo, mediante mensaje n\u00ba53, por el que declara de utilidad p\u00fablica y sujeto de expropiaci\u00f3n, conforme a la Ley General de Expropiaciones N\u00ba 1000-A, el inmueble individualizado con nomenclatura catastral N\u00b0 1620-210300 ubicado en el Departamento Calingasta, a los fines de proteger la diversidad biol\u00f3gica y cultural, promoviendo el desarrollo sustentable de las diversas actividades econ\u00f3micas, culturales, ecol\u00f3gicas, cient\u00edficas y recreativas.<\/p>\n<p><span style=\"color: #800080;\"><strong>Creaci\u00f3n del \u00e1rea protegida Manantiales<\/strong><\/span><\/p>\n<p>Tambi\u00e9n, deber\u00e1 considerar el proyecto de Ley remitido por el Poder Ejecutivo, mediante mensaje n\u00ba 54,\u00a0 que propone crear en los t\u00e9rminos establecido en la Ley 606-L, el \u00c1rea Protegida Manantiales, que tiene por objeto:<\/p>\n<p>a) \u00a0Proteger la diversidad biol\u00f3gica, yacimientos arqueol\u00f3gicos, \u00e1rea de gran trascendencia hist\u00f3rica.<\/p>\n<p>b) \u00a0Colaborar en el control de la trashumancia ganadera.<\/p>\n<p>c) \u00a0Conservar escenarios naturales de gran belleza paisaj\u00edstica.<\/p>\n<p>d) \u00a0Promover la ocupaci\u00f3n efectiva en una importante zona de frontera.<\/p>\n<p>e) \u00a0Fomentar el desarrollo sustentable de la regi\u00f3n, las actividades de investigaci\u00f3n cient\u00edfico t\u00e9cnica, deportivas y recreativas, comerciales y productivas, sociales, culturales y tur\u00edsticas, la participaci\u00f3n de las organizaciones no gubernamentales y otras formas asociaci\u00f3n civil en la gesti\u00f3n del \u00e1rea protegida, la instalaci\u00f3n, caracterizaci\u00f3n y funcionamiento de centros de recreaci\u00f3n, la localizaci\u00f3n, caracterizaci\u00f3n y destino de edificios, instalaciones y construcciones, la coordinaci\u00f3n de las actividades en el \u00e1rea entre los distintos niveles de gobierno, nacional, provincial y municipal, los organismos estatales con competencia sectorial, Organizaciones cient\u00edficas instituciones educativas, Organizaciones No Gubernamentales, el sector privado productivo y poblaciones locales.<\/p>\n<p>f) \u00a0Coadyuvar el equilibrio ecol\u00f3gico zonal. Brindar al p\u00fablico un \u00e1rea de solaz y esparcimiento.<\/p>\n<p>g) \u00a0Promover el conocimiento de las especies nativas y aut\u00f3ctonas de la flora y fauna, a fin de valorar debidamente los fines conservacionistas.<\/p>\n<p>h) Posibilitar todas aquellas actividades tur\u00edsticas y de recreativas que est\u00e9n en consonancia con la finalidad del \u00c1rea.<\/p>\n<p><span style=\"color: #800080;\"><strong>Proyectos Presentados<\/strong><\/span><\/p>\n<p>La C\u00e1mara de Diputados remitir\u00e1 a las respectivas comisiones, para su estudio y an\u00e1lisis, los siguientes proyectos de Ley que proponen:<\/p>\n<ul>\n<li>Aprobar el convenio por mayor financiamiento para la ejecuci\u00f3n de la obra \u00abAcueducto El Tambillo- Rodeo: provincia de San Juan\u00bb. (Poder Ejecutivo)<\/li>\n<li>crea el programa de abastecimiento con productos locales en las grandes cadenas de H\u00edper y Supermercados. (bloque Del Este)<\/li>\n<li>Adherir a la Ley Nacional N\u00ba 27.306 que declara de inter\u00e9s nacional el abordaje integral e interdisciplinario de los sujetos que presentan dificultades espec\u00edficas del aprendizaje (DEA). (bloque Producci\u00f3n y Trabajo)<\/li>\n<li>Abordar de forma \u00edntegra y coordinada la problem\u00e1tica de la tracci\u00f3n a sangre. (bloque Actuar)<\/li>\n<li>Crear la Campa\u00f1a Provincial de Prevenci\u00f3n del suicidio en el territorio de la provincia de San Juan. (bloque PRO Juntos por el Cambio)<\/li>\n<li>Adherir a la Ley Nacional N\u00ba 25.674 sobre participaci\u00f3n femenina en las unidades de negociaci\u00f3n colectiva de las 4 condiciones laborales, en funci\u00f3n de la cantidad de trabajadores en la rama o actividad de que se trate. (bloque Producci\u00f3n y Trabajo)<\/li>\n<li>Instituir el d\u00eda 27 de junio de cada a\u00f1o como d\u00eda provincial de la tejedora. (bloque San Juan Primero)<\/li>\n<li>Instituir la primera semana del mes de junio como \u00abSemana de concientizaci\u00f3n en Talles Diversos\u00bb. (bloque PRO- Juntos por el Cambio)<\/li>\n<\/ul>\n<p>Asimismo, enviar\u00e1 a comisiones, para su estudio, los siguientes proyectos de Resoluci\u00f3n que proponen declarar de inter\u00e9s:<\/p>\n<ul>\n<li>\u201cProvincial, educativo, social y ambiental\u201d la Diplomatura en Gesti\u00f3n Sostenible de Proyectos y Territorios inspirada en la enc\u00edclica Laudato Si. (bloque Justicialista)<\/li>\n<li>\u201cHist\u00f3rico, social y cultural\u201d el monumento escult\u00f3rico \u00abSoldado Rawsino H\u00e9roe de Malvinas\u00bb. (bloque Justicialista)<\/li>\n<li>\u201cSocial y educativo\u201d los talleres de accesibilidad y concientizaci\u00f3n de la inclusi\u00f3n, de riesgos psicol\u00f3gicos y de riesgos qu\u00edmicos y bi\u00f3ticos. (bloque Justicialista)<\/li>\n<li>\u201cEducativo y cultural\u201d el proyecto educativo \u00abNuestra historia de la pandemia sanjuanina 2020\u00bb. (bloque Justicialista)<\/li>\n<\/ul>\n<p>Por \u00faltimo, remitir\u00e1 a las respectivas comisiones los siguientes proyectos de Comunicaci\u00f3n que solicitan al Poder Ejecutivo:<\/p>\n<ul>\n<li>la creaci\u00f3n de un Cuartel de Bomberos de la Polic\u00eda de San Juan, en el Distrito de Dos Acequias, Departamento San Mart\u00edn. (bloque Del Este)<\/li>\n<li>concrete las obras de urbanizaci\u00f3n de la traza de calle Superiora en el Departamento de Rawson. (bloque Justicialista)<\/li>\n<\/ul>\n<\/div>\n<p>&nbsp;<\/p>\n<p>&nbsp;<\/p>\n","protected":false},"excerpt":{"rendered":"<p>El Jueves, 20 de Mayo, a partir de las 9.30 hs., la C\u00e1mara de Diputados llevar\u00e1 a cabo la Cuarta<\/p>\n","protected":false},"author":3,"featured_media":37951,"comment_status":"closed","ping_status":"closed","sticky":false,"template":"","format":"standard","meta":{"_acf_changed":false,"_seopress_robots_primary_cat":"none","_seopress_titles_title":"","_seopress_titles_desc":"","_seopress_robots_index":"","colormag_page_container_layout":"default_layout","colormag_page_sidebar_layout":"default_layout","footnotes":""},"categories":[1],"tags":[],"class_list":["post-37949","post","type-post","status-publish","format-standard","has-post-thumbnail","hentry","category-destacadas"],"acf":[],"_links":{"self":[{"href":"https:\/\/vocesparalelas.com.ar\/sitio\/wp-json\/wp\/v2\/posts\/37949","targetHints":{"allow":["GET"]}}],"collection":[{"href":"https:\/\/vocesparalelas.com.ar\/sitio\/wp-json\/wp\/v2\/posts"}],"about":[{"href":"https:\/\/vocesparalelas.com.ar\/sitio\/wp-json\/wp\/v2\/types\/post"}],"author":[{"embeddable":true,"href":"https:\/\/vocesparalelas.com.ar\/sitio\/wp-json\/wp\/v2\/users\/3"}],"replies":[{"embeddable":true,"href":"https:\/\/vocesparalelas.com.ar\/sitio\/wp-json\/wp\/v2\/comments?post=37949"}],"version-history":[{"count":1,"href":"https:\/\/vocesparalelas.com.ar\/sitio\/wp-json\/wp\/v2\/posts\/37949\/revisions"}],"predecessor-version":[{"id":37952,"href":"https:\/\/vocesparalelas.com.ar\/sitio\/wp-json\/wp\/v2\/posts\/37949\/revisions\/37952"}],"wp:featuredmedia":[{"embeddable":true,"href":"https:\/\/vocesparalelas.com.ar\/sitio\/wp-json\/wp\/v2\/media\/37951"}],"wp:attachment":[{"href":"https:\/\/vocesparalelas.com.ar\/sitio\/wp-json\/wp\/v2\/media?parent=37949"}],"wp:term":[{"taxonomy":"category","embeddable":true,"href":"https:\/\/vocesparalelas.com.ar\/sitio\/wp-json\/wp\/v2\/categories?post=37949"},{"taxonomy":"post_tag","embeddable":true,"href":"https:\/\/vocesparalelas.com.ar\/sitio\/wp-json\/wp\/v2\/tags?post=37949"}],"curies":[{"name":"wp","href":"https:\/\/api.w.org\/{rel}","templated":true}]}}