{"id":37937,"date":"2021-05-19T19:59:15","date_gmt":"2021-05-19T22:59:15","guid":{"rendered":"http:\/\/vocesparalelas.com.ar\/sitio\/?p=37937"},"modified":"2021-05-19T19:59:15","modified_gmt":"2021-05-19T22:59:15","slug":"el-material-fotografico-se-digitaliza-para-su-preservacion-del-museo-historico-provincial-agustin-gnecco-de-san-juan","status":"publish","type":"post","link":"https:\/\/vocesparalelas.com.ar\/sitio\/el-material-fotografico-se-digitaliza-para-su-preservacion-del-museo-historico-provincial-agustin-gnecco-de-san-juan\/","title":{"rendered":"El material fotogr\u00e1fico se digitaliza para su preservaci\u00f3n del Museo Hist\u00f3rico Provincial Agust\u00edn Gnecco de San Juan"},"content":{"rendered":"<p>El Museo Hist\u00f3rico Provincial Agust\u00edn Gnecco fue seleccionado dentro del marco de Concurso de Subsidios para Proyectos de Preservaci\u00f3n Documental 2021 a cargo del Centro de Estudios Hist\u00f3ricos e Informaci\u00f3n Parque de Espa\u00f1a &#8211; CEHIPE &#8211;\u00a0con sede en Rosario.<\/p>\n<p>En este contexto, el Ministerio de Turismo y Cultura seleccion\u00f3 el material para el Proyecto de Digitalizaci\u00f3n del Fondo Colecciones Fotogr\u00e1ficas de San Juan perteneciente a los siglos XIX y XX.<\/p>\n<p>El acervo documental consta de un \u00e1lbum de Juan Pala del Terremoto de 1894, fotograf\u00edas de Arquitectura sanjuanina entre 1860 a 1944, reconstrucci\u00f3n de San Juan entre 1950 a 1970; postales y fotograf\u00edas de paisajes sanjuaninos, colecci\u00f3n viajes de Agust\u00edn V. Gnecco por Valle F\u00e9rtil y Calingasta, selecci\u00f3n de im\u00e1genes del Museo, colecci\u00f3n Aldo y Federico Cantoni y colecci\u00f3n carte de visite de familias sanjuaninas, entre otras.<\/p>\n<p>El proceso de digitalizaci\u00f3n se realizar\u00e1 en la sede del CEHIPE de la ciudad ubicada en Santa Fe mediante los equipos de esc\u00e1neres de \u00faltima tecnolog\u00eda digital. Las fotograf\u00edas, \u00e1lbumes y elementos especiales se llevaron, recientemente, en forma personal por el director del Museo, Carlos Campod\u00f3nico, en cajas con sobres individuales de papel especial libre de \u00e1cido con su respectiva ficha t\u00e9cnica descriptiva en la solapa superior, adem\u00e1s de una carpeta informativa sobre cada fotograf\u00eda con su ficha.<\/p>\n<p>Cabe destacar que el 60% de las im\u00e1genes son in\u00e9ditas y permitir\u00e1n a los investigadores y aficionados, como tambi\u00e9n al sanjuanino y resto de los consultantes acrecentar el conocimiento visual y evolutivo de la provincia.<\/p>\n<p>&nbsp;<\/p>\n<p>&nbsp;<\/p>\n<p>&nbsp;<\/p>\n","protected":false},"excerpt":{"rendered":"<p>El Museo Hist\u00f3rico Provincial Agust\u00edn Gnecco fue seleccionado dentro del marco de Concurso de Subsidios para Proyectos de Preservaci\u00f3n Documental<\/p>\n","protected":false},"author":3,"featured_media":37939,"comment_status":"closed","ping_status":"closed","sticky":false,"template":"","format":"standard","meta":{"_acf_changed":false,"_seopress_robots_primary_cat":"none","_seopress_titles_title":"","_seopress_titles_desc":"","_seopress_robots_index":"","colormag_page_container_layout":"default_layout","colormag_page_sidebar_layout":"default_layout","footnotes":""},"categories":[1],"tags":[],"class_list":["post-37937","post","type-post","status-publish","format-standard","has-post-thumbnail","hentry","category-destacadas"],"acf":[],"_links":{"self":[{"href":"https:\/\/vocesparalelas.com.ar\/sitio\/wp-json\/wp\/v2\/posts\/37937","targetHints":{"allow":["GET"]}}],"collection":[{"href":"https:\/\/vocesparalelas.com.ar\/sitio\/wp-json\/wp\/v2\/posts"}],"about":[{"href":"https:\/\/vocesparalelas.com.ar\/sitio\/wp-json\/wp\/v2\/types\/post"}],"author":[{"embeddable":true,"href":"https:\/\/vocesparalelas.com.ar\/sitio\/wp-json\/wp\/v2\/users\/3"}],"replies":[{"embeddable":true,"href":"https:\/\/vocesparalelas.com.ar\/sitio\/wp-json\/wp\/v2\/comments?post=37937"}],"version-history":[{"count":1,"href":"https:\/\/vocesparalelas.com.ar\/sitio\/wp-json\/wp\/v2\/posts\/37937\/revisions"}],"predecessor-version":[{"id":37940,"href":"https:\/\/vocesparalelas.com.ar\/sitio\/wp-json\/wp\/v2\/posts\/37937\/revisions\/37940"}],"wp:featuredmedia":[{"embeddable":true,"href":"https:\/\/vocesparalelas.com.ar\/sitio\/wp-json\/wp\/v2\/media\/37939"}],"wp:attachment":[{"href":"https:\/\/vocesparalelas.com.ar\/sitio\/wp-json\/wp\/v2\/media?parent=37937"}],"wp:term":[{"taxonomy":"category","embeddable":true,"href":"https:\/\/vocesparalelas.com.ar\/sitio\/wp-json\/wp\/v2\/categories?post=37937"},{"taxonomy":"post_tag","embeddable":true,"href":"https:\/\/vocesparalelas.com.ar\/sitio\/wp-json\/wp\/v2\/tags?post=37937"}],"curies":[{"name":"wp","href":"https:\/\/api.w.org\/{rel}","templated":true}]}}