{"id":37924,"date":"2021-05-19T19:02:01","date_gmt":"2021-05-19T22:02:01","guid":{"rendered":"http:\/\/vocesparalelas.com.ar\/sitio\/?p=37924"},"modified":"2021-05-19T19:02:28","modified_gmt":"2021-05-19T22:02:28","slug":"se-vendio-mas-de-230-toneladas-de-reciclables-obtenidos-en-el-pta-de-san-juan","status":"publish","type":"post","link":"https:\/\/vocesparalelas.com.ar\/sitio\/se-vendio-mas-de-230-toneladas-de-reciclables-obtenidos-en-el-pta-de-san-juan\/","title":{"rendered":"Se vendi\u00f3 m\u00e1s de 230 toneladas de reciclables obtenidos en el PTA de San Juan"},"content":{"rendered":"<p>El Viernes, 14 de Mayo, la Secretar\u00eda de Estado de Ambiente y Desarrollo Sustentable del Gobierno de San Juan, concret\u00f3 la segunda venta del a\u00f1o, de materiales recuperados en el Parque de Tecnolog\u00edas Ambientales.<\/p>\n<p>Esta fue una importante venta, ya que, de los 300.000 kilos ofrecidos, se vendi\u00f3 232.220 kg, discriminados de la siguiente manera:<\/p>\n<ul>\n<li>43.820 kilos de pl\u00e1stico (Pet cristal, verde, celeste, aceite, etc.);<\/li>\n<li>93.500 kilos de material celul\u00f3sico (cart\u00f3n de primera y segunda calidad; papel blanco; diario);<\/li>\n<li>27.400 kg de metales (aluminio; cobre, chatarra, hojalata) y<\/li>\n<li>58.500 kilos de vidrio (triturado; botellas de salsa).<\/li>\n<\/ul>\n<p>Los materiales fueron vendidos a cuatro empresas provinciales y nacionales que se presentaron a la convocatoria.<\/p>\n<p>La recaudaci\u00f3n supera los 4 millones de pesos, destinados a reinvertirse en la Planta de clasificaci\u00f3n de residuos que los recuper\u00f3.<\/p>\n<p>A trav\u00e9s de un arduo trabajo desarrollado en todo el territorio provincial, se valorizan los residuos siendo recuperados para su reutilizaci\u00f3n y reciclaje, promoviendo as\u00ed el desarrollo de una econom\u00eda circular.<\/p>\n<p>El Parque de Tecnolog\u00edas Ambientales fue el primer centro de tratamiento integral de residuos s\u00f3lidos urbanos y asimilables que el Gobierno de San Juan puso en funcionamiento en la provincia. All\u00ed se procesa los residuos provenientes de nueve de los departamentos m\u00e1s poblados de la provincia, y que representan el 85% de los residuos generados en San Juan, estos departamentos son Capital, Rivadavia, Rawson, Santa Luc\u00eda, Chimbas, Pocito, Ullum, Zonda y Albard\u00f3n.<\/p>\n<p>Su misi\u00f3n es proporcionar valor a los residuos generados en la provincia, tanto org\u00e1nicos como inorg\u00e1nicos para transformar estos \u00faltimos en materiales reutilizables para su posterior reciclaje, y venta. Con los materiales org\u00e1nicos se elabora el compost, generado a partir de residuos org\u00e1nicos de agro industria, desechos de jardines y chipeado de poda, que se transforman en un mejorador de suelo.<\/p>\n<p>La pr\u00f3xima venta se realiza en Julio, tanto del Parque de Tecnolog\u00edas Ambientales, como de los centros de toda la provincia.<\/p>\n<p>&nbsp;<\/p>\n<p><img loading=\"lazy\" decoding=\"async\" class=\"alignnone wp-image-37926 size-full\" src=\"https:\/\/vocesparalelas.com.ar\/sitio\/wp-content\/uploads\/2021\/05\/AMBIENTE-RECICLABLE-BASURA.jpg\" alt=\"\" width=\"800\" height=\"535\" srcset=\"https:\/\/vocesparalelas.com.ar\/sitio\/wp-content\/uploads\/2021\/05\/AMBIENTE-RECICLABLE-BASURA.jpg 800w, https:\/\/vocesparalelas.com.ar\/sitio\/wp-content\/uploads\/2021\/05\/AMBIENTE-RECICLABLE-BASURA-300x201.jpg 300w, https:\/\/vocesparalelas.com.ar\/sitio\/wp-content\/uploads\/2021\/05\/AMBIENTE-RECICLABLE-BASURA-768x514.jpg 768w\" sizes=\"auto, (max-width: 800px) 100vw, 800px\" \/><\/p>\n<p>&nbsp;<\/p>\n<p>&nbsp;<\/p>\n<p>&nbsp;<\/p>\n<p>&nbsp;<\/p>\n","protected":false},"excerpt":{"rendered":"<p>El Viernes, 14 de Mayo, la Secretar\u00eda de Estado de Ambiente y Desarrollo Sustentable del Gobierno de San Juan, concret\u00f3<\/p>\n","protected":false},"author":3,"featured_media":37718,"comment_status":"closed","ping_status":"closed","sticky":false,"template":"","format":"standard","meta":{"_acf_changed":false,"_seopress_robots_primary_cat":"none","_seopress_titles_title":"","_seopress_titles_desc":"","_seopress_robots_index":"","colormag_page_container_layout":"default_layout","colormag_page_sidebar_layout":"default_layout","footnotes":""},"categories":[1],"tags":[],"class_list":["post-37924","post","type-post","status-publish","format-standard","has-post-thumbnail","hentry","category-destacadas"],"acf":[],"_links":{"self":[{"href":"https:\/\/vocesparalelas.com.ar\/sitio\/wp-json\/wp\/v2\/posts\/37924","targetHints":{"allow":["GET"]}}],"collection":[{"href":"https:\/\/vocesparalelas.com.ar\/sitio\/wp-json\/wp\/v2\/posts"}],"about":[{"href":"https:\/\/vocesparalelas.com.ar\/sitio\/wp-json\/wp\/v2\/types\/post"}],"author":[{"embeddable":true,"href":"https:\/\/vocesparalelas.com.ar\/sitio\/wp-json\/wp\/v2\/users\/3"}],"replies":[{"embeddable":true,"href":"https:\/\/vocesparalelas.com.ar\/sitio\/wp-json\/wp\/v2\/comments?post=37924"}],"version-history":[{"count":2,"href":"https:\/\/vocesparalelas.com.ar\/sitio\/wp-json\/wp\/v2\/posts\/37924\/revisions"}],"predecessor-version":[{"id":37928,"href":"https:\/\/vocesparalelas.com.ar\/sitio\/wp-json\/wp\/v2\/posts\/37924\/revisions\/37928"}],"wp:featuredmedia":[{"embeddable":true,"href":"https:\/\/vocesparalelas.com.ar\/sitio\/wp-json\/wp\/v2\/media\/37718"}],"wp:attachment":[{"href":"https:\/\/vocesparalelas.com.ar\/sitio\/wp-json\/wp\/v2\/media?parent=37924"}],"wp:term":[{"taxonomy":"category","embeddable":true,"href":"https:\/\/vocesparalelas.com.ar\/sitio\/wp-json\/wp\/v2\/categories?post=37924"},{"taxonomy":"post_tag","embeddable":true,"href":"https:\/\/vocesparalelas.com.ar\/sitio\/wp-json\/wp\/v2\/tags?post=37924"}],"curies":[{"name":"wp","href":"https:\/\/api.w.org\/{rel}","templated":true}]}}