{"id":37890,"date":"2021-05-19T00:56:50","date_gmt":"2021-05-19T03:56:50","guid":{"rendered":"http:\/\/vocesparalelas.com.ar\/sitio\/?p=37890"},"modified":"2021-05-19T23:44:24","modified_gmt":"2021-05-20T02:44:24","slug":"entregaron-las-becas-promo21","status":"publish","type":"post","link":"https:\/\/vocesparalelas.com.ar\/sitio\/entregaron-las-becas-promo21\/","title":{"rendered":"Entregaron las Becas Promo\u00b421"},"content":{"rendered":"<p>El Intendente de la Municipalidad de Rivadavia, Dr. Fabi\u00e1n Mart\u00edn, realiz\u00f3 la entrega, simb\u00f3lica, de becas para estudiantes del \u00faltimo a\u00f1o del secundario del departamento.<\/p>\n<p>En total son 530 alumnos beneficiados los cuales reciben becas de transporte, fotocopia o impresiones, kits escolares y kits de higiene.<\/p>\n<p>Por ello, el intendente, Dr. Fabi\u00e1n Mart\u00edn manifest\u00f3 que \u201clas becas ayudan a los alumnos para que finalicen su secundario. Tenemos muy claro que la educaci\u00f3n es un pilar fundamental en la vida de nuestros chicos, es por eso que trabajamos para incentivarlos a que finalicen los estudios de la etapa escolar y contin\u00faen form\u00e1ndose para construir su futur\u201d.<\/p>\n<p><strong><span style=\"color: #800000;\">Importante<\/span><\/strong><\/p>\n<p>Desde la Direcci\u00f3n de la Juventud de Rivadavia, informa que el resto de los beneficiarios, que se inscribieron de manera online, se les comunicar\u00e1 el d\u00eda, horario donde deben retirar su beca.<\/p>\n<p>Es importante destacar que se debe respetar el protocolo sanitario.<\/p>\n<p>&nbsp;<\/p>\n<p><img loading=\"lazy\" decoding=\"async\" class=\"alignnone wp-image-37892 size-full\" src=\"https:\/\/vocesparalelas.com.ar\/sitio\/wp-content\/uploads\/2021\/05\/RIVADAVIA-BECAS-01.jpg\" alt=\"\" width=\"800\" height=\"533\" srcset=\"https:\/\/vocesparalelas.com.ar\/sitio\/wp-content\/uploads\/2021\/05\/RIVADAVIA-BECAS-01.jpg 800w, https:\/\/vocesparalelas.com.ar\/sitio\/wp-content\/uploads\/2021\/05\/RIVADAVIA-BECAS-01-300x200.jpg 300w, https:\/\/vocesparalelas.com.ar\/sitio\/wp-content\/uploads\/2021\/05\/RIVADAVIA-BECAS-01-768x512.jpg 768w\" sizes=\"auto, (max-width: 800px) 100vw, 800px\" \/><\/p>\n<p><img loading=\"lazy\" decoding=\"async\" class=\"alignnone wp-image-37894 size-full\" src=\"https:\/\/vocesparalelas.com.ar\/sitio\/wp-content\/uploads\/2021\/05\/RIVADAVIA-BECAS-03.jpg\" alt=\"\" width=\"800\" height=\"533\" srcset=\"https:\/\/vocesparalelas.com.ar\/sitio\/wp-content\/uploads\/2021\/05\/RIVADAVIA-BECAS-03.jpg 800w, https:\/\/vocesparalelas.com.ar\/sitio\/wp-content\/uploads\/2021\/05\/RIVADAVIA-BECAS-03-300x200.jpg 300w, https:\/\/vocesparalelas.com.ar\/sitio\/wp-content\/uploads\/2021\/05\/RIVADAVIA-BECAS-03-768x512.jpg 768w\" sizes=\"auto, (max-width: 800px) 100vw, 800px\" \/><\/p>\n<p>&nbsp;<\/p>\n<p>&nbsp;<\/p>\n<p>&nbsp;<\/p>\n<p>&nbsp;<\/p>\n","protected":false},"excerpt":{"rendered":"<p>El Intendente de la Municipalidad de Rivadavia, Dr. Fabi\u00e1n Mart\u00edn, realiz\u00f3 la entrega, simb\u00f3lica, de becas para estudiantes del \u00faltimo<\/p>\n","protected":false},"author":3,"featured_media":37893,"comment_status":"closed","ping_status":"closed","sticky":false,"template":"","format":"standard","meta":{"_acf_changed":false,"_seopress_robots_primary_cat":"none","_seopress_titles_title":"","_seopress_titles_desc":"","_seopress_robots_index":"","colormag_page_container_layout":"default_layout","colormag_page_sidebar_layout":"default_layout","footnotes":""},"categories":[6],"tags":[],"class_list":["post-37890","post","type-post","status-publish","format-standard","has-post-thumbnail","hentry","category-eventos"],"acf":[],"_links":{"self":[{"href":"https:\/\/vocesparalelas.com.ar\/sitio\/wp-json\/wp\/v2\/posts\/37890","targetHints":{"allow":["GET"]}}],"collection":[{"href":"https:\/\/vocesparalelas.com.ar\/sitio\/wp-json\/wp\/v2\/posts"}],"about":[{"href":"https:\/\/vocesparalelas.com.ar\/sitio\/wp-json\/wp\/v2\/types\/post"}],"author":[{"embeddable":true,"href":"https:\/\/vocesparalelas.com.ar\/sitio\/wp-json\/wp\/v2\/users\/3"}],"replies":[{"embeddable":true,"href":"https:\/\/vocesparalelas.com.ar\/sitio\/wp-json\/wp\/v2\/comments?post=37890"}],"version-history":[{"count":1,"href":"https:\/\/vocesparalelas.com.ar\/sitio\/wp-json\/wp\/v2\/posts\/37890\/revisions"}],"predecessor-version":[{"id":37895,"href":"https:\/\/vocesparalelas.com.ar\/sitio\/wp-json\/wp\/v2\/posts\/37890\/revisions\/37895"}],"wp:featuredmedia":[{"embeddable":true,"href":"https:\/\/vocesparalelas.com.ar\/sitio\/wp-json\/wp\/v2\/media\/37893"}],"wp:attachment":[{"href":"https:\/\/vocesparalelas.com.ar\/sitio\/wp-json\/wp\/v2\/media?parent=37890"}],"wp:term":[{"taxonomy":"category","embeddable":true,"href":"https:\/\/vocesparalelas.com.ar\/sitio\/wp-json\/wp\/v2\/categories?post=37890"},{"taxonomy":"post_tag","embeddable":true,"href":"https:\/\/vocesparalelas.com.ar\/sitio\/wp-json\/wp\/v2\/tags?post=37890"}],"curies":[{"name":"wp","href":"https:\/\/api.w.org\/{rel}","templated":true}]}}