{"id":37882,"date":"2021-05-18T21:17:19","date_gmt":"2021-05-19T00:17:19","guid":{"rendered":"http:\/\/vocesparalelas.com.ar\/sitio\/?p=37882"},"modified":"2021-05-19T22:20:12","modified_gmt":"2021-05-20T01:20:12","slug":"aclaracion-de-los-gabinetes-tecnicos-interdisciplinarios-de-san-juan","status":"publish","type":"post","link":"https:\/\/vocesparalelas.com.ar\/sitio\/aclaracion-de-los-gabinetes-tecnicos-interdisciplinarios-de-san-juan\/","title":{"rendered":"Aclaraci\u00f3n de los Gabinetes T\u00e9cnicos Interdisciplinarios de San Juan"},"content":{"rendered":"<p>La Direcci\u00f3n de Gabinetes T\u00e9cnicos Interdisciplinarios del Ministerio de Educaci\u00f3n del Gobierno de San Juan, aclara y detalla a los psicopedagogos inscriptos para a cubrir cargos en Gabinetes T\u00e9cnicos Interdisciplinarios que:<\/p>\n<ol>\n<li>En el listado de postulantes 2018-2019 Gran San Juan, Nivel Inicial y Primario en el orden 4, dice Gabinete Zonal Inicial y Primario Santa Luc\u00eda con sede en la Escuela Ernesto Bavio, y debe decir Gabinete Zonal Inicial y Primario Chimbas con sede en la Escuela Ernesto Bavio.<\/li>\n<li>En el listado de postulantes 2020-2021 Gran San Juan en el Nivel Inicial y Primario, en el orden 1 dice Gabinete Zonal Inicial y Primario 9 de Julio con sede en Juana Azurduy de Padilla, debe decir Gabinete T\u00e9cnico Interdisciplinario de Educaci\u00f3n Especial con sede en la Escuela Juana Azurduy de Padilla, ubic\u00e1ndose este cargo en la modalidad Gabinete T\u00e9cnico de Educaci\u00f3n Especial (1.2).<\/li>\n<\/ol>\n<p>Recordando que el acto de ofrecimiento se realiza bajo estricto protocolo sanitario preventivo este mi\u00e9rcoles 19 de mayo a las 8.30 en la Sala de Capacitaci\u00f3n, dep\u00f3sito Central del Ministerio de Educaci\u00f3n, ubicado en calle 9 de Julio 1515 este (exCaf\u00e9 Am\u00e9rica).<\/p>\n<p>&nbsp;<\/p>\n<p>&nbsp;<\/p>\n","protected":false},"excerpt":{"rendered":"<p>La Direcci\u00f3n de Gabinetes T\u00e9cnicos Interdisciplinarios del Ministerio de Educaci\u00f3n del Gobierno de San Juan, aclara y detalla a los<\/p>\n","protected":false},"author":3,"featured_media":28629,"comment_status":"closed","ping_status":"closed","sticky":false,"template":"","format":"standard","meta":{"_acf_changed":false,"_seopress_robots_primary_cat":"none","_seopress_titles_title":"","_seopress_titles_desc":"","_seopress_robots_index":"","colormag_page_container_layout":"default_layout","colormag_page_sidebar_layout":"default_layout","footnotes":""},"categories":[10],"tags":[],"class_list":["post-37882","post","type-post","status-publish","format-standard","has-post-thumbnail","hentry","category-opiniones"],"acf":[],"_links":{"self":[{"href":"https:\/\/vocesparalelas.com.ar\/sitio\/wp-json\/wp\/v2\/posts\/37882","targetHints":{"allow":["GET"]}}],"collection":[{"href":"https:\/\/vocesparalelas.com.ar\/sitio\/wp-json\/wp\/v2\/posts"}],"about":[{"href":"https:\/\/vocesparalelas.com.ar\/sitio\/wp-json\/wp\/v2\/types\/post"}],"author":[{"embeddable":true,"href":"https:\/\/vocesparalelas.com.ar\/sitio\/wp-json\/wp\/v2\/users\/3"}],"replies":[{"embeddable":true,"href":"https:\/\/vocesparalelas.com.ar\/sitio\/wp-json\/wp\/v2\/comments?post=37882"}],"version-history":[{"count":1,"href":"https:\/\/vocesparalelas.com.ar\/sitio\/wp-json\/wp\/v2\/posts\/37882\/revisions"}],"predecessor-version":[{"id":37884,"href":"https:\/\/vocesparalelas.com.ar\/sitio\/wp-json\/wp\/v2\/posts\/37882\/revisions\/37884"}],"wp:featuredmedia":[{"embeddable":true,"href":"https:\/\/vocesparalelas.com.ar\/sitio\/wp-json\/wp\/v2\/media\/28629"}],"wp:attachment":[{"href":"https:\/\/vocesparalelas.com.ar\/sitio\/wp-json\/wp\/v2\/media?parent=37882"}],"wp:term":[{"taxonomy":"category","embeddable":true,"href":"https:\/\/vocesparalelas.com.ar\/sitio\/wp-json\/wp\/v2\/categories?post=37882"},{"taxonomy":"post_tag","embeddable":true,"href":"https:\/\/vocesparalelas.com.ar\/sitio\/wp-json\/wp\/v2\/tags?post=37882"}],"curies":[{"name":"wp","href":"https:\/\/api.w.org\/{rel}","templated":true}]}}