{"id":37874,"date":"2021-05-18T20:32:23","date_gmt":"2021-05-18T23:32:23","guid":{"rendered":"http:\/\/vocesparalelas.com.ar\/sitio\/?p=37874"},"modified":"2021-05-18T20:39:28","modified_gmt":"2021-05-18T23:39:28","slug":"definieron-el-temario-para-la-4-sesion-del-periodo-ordinario-2021-durante-la-labor-parlamentaria","status":"publish","type":"post","link":"https:\/\/vocesparalelas.com.ar\/sitio\/definieron-el-temario-para-la-4-sesion-del-periodo-ordinario-2021-durante-la-labor-parlamentaria\/","title":{"rendered":"Definieron el temario para la 4\u00b0 Sesi\u00f3n del Per\u00edodo Ordinario 2021 durante la Labor Parlamentaria"},"content":{"rendered":"<div class=\"itemFullText jbintrotext\">\n<p>Durante la reuni\u00f3n de Labor Parlamentaria qued\u00f3 conformado el temario del Orden del D\u00eda de la Cuarta Sesi\u00f3n del Per\u00edodo Ordinario 2021, a realizarse el Jueves, 20 de Mayo, presidido por el vicegobernador, CPN Roberto Gattoni en forma alternada con el vicepresidente primero, diputado Eduardo Cabello.<\/p>\n<\/div>\n<div class=\"itemFullText\">\n<p>Tambi\u00e9n estuvo presente el secretario Legislativo, Dr. Nicol\u00e1s Alvo; los vicepresidentes segundo, Carlos Platero y alterno, Dr. Edgardo Sancassani; y los titulares de los bloques Justicialista, Juan Carlos Abarca; Producci\u00f3n y Trabajo, Sergio Miodowsky; Bloquista, Andr\u00e9s Chanampa; San Juan Primero, Enrique Monta\u00f1o; ConFe Somos San Juan, Florencia Pe\u00f1aloza; Frente Grande- Unidad Ciudadana; Horacio Quiroga; bloque del Este, Andr\u00e9s Mallea; y bloque Pro- Juntos por el Cambio, Enzo Cornejo.<\/p>\n<p><span style=\"color: #800080;\"><strong>Contrato de comodato entre la Secretar\u00eda de Ambiente y la Municipalidad de Chimbas<\/strong><\/span><\/p>\n<p>Con despacho positivo de las respectivas comisiones, el cuerpo legislativo deber\u00e1 tratar un proyecto de Ley remitido por el Poder Ejecutivo, mediante mensaje n\u00ba 7, que propone ratificar el contrato de comodato entre la Secretar\u00eda de Estado de Ambiente y Desarrollo Sustentable, y el Municipio de la Ciudad de Chimbas, \u00a0que tiene por objeto disponer la entrega al Municipio en calidad de comodato, un (1) Cami\u00f3n, dos (2) bateas, un (1) generador el\u00e9ctrico y una (1) bomba auto aspirante para la Obra Civil Centro de Trasbordo del departamento Chimbas situada en calle General Almirante Brown (ex Costa Canal) y calle proyectada Bonduel.<\/p>\n<p><span style=\"color: #800080;\"><strong>Convenio entre Rivadavia y Ambiente para realizar visitas a Anchipurac<\/strong><\/span><\/p>\n<p>Luego, abordar\u00e1 un proyecto de Ley presentado por el Poder Ejecutivo, mediante mensaje n\u00ba 8, que propone aprobar el convenio Marco de Cooperaci\u00f3n suscripto entre la Secretar\u00eda de Estado de Ambiente y Desarrollo Sustentable y el Municipio de Rivadavia, con el objeto de que el Municipio, a trav\u00e9s de las organizaciones sociales, uniones vecinales, centros de Jubilados, Talleres Comunitarios, entre otros, que est\u00e1n nucleados en el ejido municipal puedan conocer y vivir la experiencia Anchipurac, el Parque de la Biodiversidad y las \u00c1reas protegidas de San Juan, trasladando a su cargo a las organizaciones que decida, y quedando eximidos de pago de entradas en los lugares mencionados.<\/p>\n<p><span style=\"color: #800080;\"><strong>Programa Estrat\u00e9gico de Gesti\u00f3n Integral de Residuos S\u00f3lidos Urbanos en Caucete<\/strong><\/span><\/p>\n<p>A continuaci\u00f3n, los diputados y diputadas deber\u00e1n considerar el proyecto de Ley remitido por el Poder Ejecutivo, mediante mensaje n\u00ba 10, que propone ratificar el convenio de Colaboraci\u00f3n y Cooperaci\u00f3n suscripto entre la Secretar\u00eda de Estado de Ambiente y Desarrollo Sustentable y el Municipio de Caucete.<\/p>\n<p>El objeto del presente acuerdo consiste en continuar con el desarrollo y ejecuci\u00f3n del Programa Estrat\u00e9gico de Gesti\u00f3n Integral de Residuos S\u00f3lidos Urbanos (PEG1RSU) y el desarrollo de las capacidades de los Municipios en la Gesti\u00f3n de los Residuos S\u00f3lidos Urbanos (RSU), todo seg\u00fan lo prescripto en la Ley Provincial N\u00b0 1114- L.<\/p>\n<p><span style=\"color: #800080;\"><strong>Convenio con el Instituto Nacional del Agua<\/strong><\/span><\/p>\n<p>Despu\u00e9s, tratar\u00e1n un proyecto de Ley presentado por el Poder Ejecutivo, mediante mensaje n\u00ba 14, que propone aprobar el convenio de Asistencia T\u00e9cnica Rec\u00edproca, y el Acta Complementaria N\u00b0 1 del Convenio de Asistencia T\u00e9cnica Reciproca, suscripto el 3 de noviembre de 2020, entre el Ministerio de Obras y Servicios P\u00fablicos de la Provincia de San Juan, y el Instituto Nacional del Agua \u00abINA\u00bb, en \u00f3rbita de la Secretaria de Infraestructura y Pol\u00edtica H\u00eddrica del Ministerio de Obras Publicas de la Naci\u00f3n.<\/p>\n<p>El objeto de este acuerdo es establecer un programa de colaboraci\u00f3n e intercambio reciproco destinado a la realizaci\u00f3n conjunta y coordinada de proyectos de estudio e investigaci\u00f3n y a la capacitaci\u00f3n de recursos humanos en el campo del conocimiento, aprovechamiento, manejo, control y preservaci\u00f3n de los recursos h\u00eddricos y del ambiente en la Provincia de San Juan. En este sentido el INA en su calidad de Organismo Nacional, a trav\u00e9s de las Subgerencias Centro Regional de Aguas Subterr\u00e1neas y Subgerencia Centro de la Regi\u00f3n Semi\u00e1rida, interviene en la presente Acta Complementaria N\u00b0 1, con el objeto de inspeccionar, informar y asesorar sobre la obra de Perforaci\u00f3n ubicada en el Parque Tur\u00edstico y de Aventura Quebrada de Zonda-Departamento Rivadavia, Provincia de San Juan y dejar establecidos los compromisos de las partes para la ejecuci\u00f3n de la obra.<\/p>\n<p><span style=\"color: #800080;\"><strong>Campa\u00f1as de preservaci\u00f3n de los recursos naturales en Rivadavia<\/strong><\/span><\/p>\n<p>M\u00e1s tarde, los diputados y diputadas deber\u00e1n considerar un proyecto de Ley remitido por el Poder Ejecutivo, mediante mensaje n\u00ba 22, que propone ratificar el convenio de Cooperaci\u00f3n y Asistencia T\u00e9cnica suscrito entre la Secretar\u00eda de Estado de Ambiente y Desarrollo Sustentable y el Municipio de Rivadavia con el objeto llevar a cabo de manera conjunta campa\u00f1as que tiendan a la preservaci\u00f3n de los recursos naturales del departamento y que favorezcan el cuidado del ambiente.<\/p>\n<p><strong><span style=\"color: #800080;\">Convenio entre Ambiente y la Minera Andina del Sol<\/span><\/strong><\/p>\n<p>Luego, el cuerpo parlamentario deber\u00e1 abordar el proyecto de Ley presentado por el Poder Ejecutivo, mediante mensaje 31, que propone ratificar el convenio de Colaboraci\u00f3n, suscripto entre la Secretar\u00eda de Estado de Ambiente y Desarrollo Sustentable y la Minera Andina del Sol.<\/p>\n<p>El objeto del presente acuerdo es que los RAEE que actualmente la Miner\u00eda Andina del Sol tiene en stock sean trasladados al Complejo Ambiental San Juan y puestos a disposici\u00f3n de la Secretaria de Estado de Ambiente y Desarrollo Sustentable para que, llegado el momento dicha autoridad por s\u00ed o por intermedio del operador habilitado y radicado en el Parque Tecnol\u00f3gico Ambiental Regional, disponga su recuperaci\u00f3n, valorizaci\u00f3n y\/o disposici\u00f3n final conforme a un manejo ambiental adecuado.<\/p>\n<p><span style=\"color: #800080;\"><strong>R\u00e9gimen excepcional de escrituraci\u00f3n de viviendas sociales<\/strong><\/span><\/p>\n<p>Posteriormente, los diputados y diputadas deber\u00e1n considerar si otorgan acuerdo a un proyecto de Ley presentado por el bloque Justicialista, mediante el cual propone crear un R\u00e9gimen excepcional de escrituraci\u00f3n de viviendas sociales.<\/p>\n<p><span style=\"color: #800080;\"><strong>Remuneraci\u00f3n de autoridades m\u00e1ximas de Entes Centralizados o Descentralizados<\/strong><\/span><\/p>\n<p>Despu\u00e9s, deber\u00e1n tratar el proyecto de Ley presentado por el bloque Justicialista que establece que la remuneraci\u00f3n bruta total mensual, normal y habitual que por todo concepto perciba o puedan percibir las autoridades m\u00e1ximas de los Entes Centralizados o Descentralizados, Empresas, Sociedades y Agencias del Estado, o de las que \u00e9ste forma parte, que existen en el \u00e1mbito del Poder Ejecutivo, con personer\u00eda suficiente para actuar en la esfera del derecho p\u00fablico o privado, gocen o no de autarqu\u00eda, o puedan ser creadas en el futuro, no puede ser superior al noventa por ciento (90%) de la remuneraci\u00f3n bruta total mensual, normal y habitual que por todo concepto perciba el cargo de Ministro del Poder Ejecutivo Provincial.<\/p>\n<p>Asimismo, propone derogar toda disposici\u00f3n que disponga lo contrario a esta Ley, sea del mismo rango legal, inferior, o dictada o emitida como consecuencia de alguna delegaci\u00f3n legal. Y por \u00faltimo, en el art\u00edculo tercero dispone que todos los Entes Centralizados o Descentralizados, Empresas, Sociedades y Agencias del Estado, o de las que \u00e9ste forma parte, citadas en el art\u00edculo 1\u00b0, deben adecuar sus marcos normativos internos y reglamentos para cumplir con lo dispuesto por esta Ley.<\/p>\n<\/div>\n<p><img loading=\"lazy\" decoding=\"async\" class=\"alignnone wp-image-37879 size-full\" src=\"https:\/\/vocesparalelas.com.ar\/sitio\/wp-content\/uploads\/2021\/05\/CAMARA-SAN-JUAN.jpg\" alt=\"\" width=\"800\" height=\"531\" srcset=\"https:\/\/vocesparalelas.com.ar\/sitio\/wp-content\/uploads\/2021\/05\/CAMARA-SAN-JUAN.jpg 800w, https:\/\/vocesparalelas.com.ar\/sitio\/wp-content\/uploads\/2021\/05\/CAMARA-SAN-JUAN-300x199.jpg 300w, https:\/\/vocesparalelas.com.ar\/sitio\/wp-content\/uploads\/2021\/05\/CAMARA-SAN-JUAN-768x510.jpg 768w\" sizes=\"auto, (max-width: 800px) 100vw, 800px\" \/><\/p>\n","protected":false},"excerpt":{"rendered":"<p>Durante la reuni\u00f3n de Labor Parlamentaria qued\u00f3 conformado el temario del Orden del D\u00eda de la Cuarta Sesi\u00f3n del Per\u00edodo<\/p>\n","protected":false},"author":3,"featured_media":37876,"comment_status":"closed","ping_status":"closed","sticky":false,"template":"","format":"standard","meta":{"_acf_changed":false,"_seopress_robots_primary_cat":"none","_seopress_titles_title":"","_seopress_titles_desc":"","_seopress_robots_index":"","colormag_page_container_layout":"default_layout","colormag_page_sidebar_layout":"default_layout","footnotes":""},"categories":[1],"tags":[],"class_list":["post-37874","post","type-post","status-publish","format-standard","has-post-thumbnail","hentry","category-destacadas"],"acf":[],"_links":{"self":[{"href":"https:\/\/vocesparalelas.com.ar\/sitio\/wp-json\/wp\/v2\/posts\/37874","targetHints":{"allow":["GET"]}}],"collection":[{"href":"https:\/\/vocesparalelas.com.ar\/sitio\/wp-json\/wp\/v2\/posts"}],"about":[{"href":"https:\/\/vocesparalelas.com.ar\/sitio\/wp-json\/wp\/v2\/types\/post"}],"author":[{"embeddable":true,"href":"https:\/\/vocesparalelas.com.ar\/sitio\/wp-json\/wp\/v2\/users\/3"}],"replies":[{"embeddable":true,"href":"https:\/\/vocesparalelas.com.ar\/sitio\/wp-json\/wp\/v2\/comments?post=37874"}],"version-history":[{"count":3,"href":"https:\/\/vocesparalelas.com.ar\/sitio\/wp-json\/wp\/v2\/posts\/37874\/revisions"}],"predecessor-version":[{"id":37880,"href":"https:\/\/vocesparalelas.com.ar\/sitio\/wp-json\/wp\/v2\/posts\/37874\/revisions\/37880"}],"wp:featuredmedia":[{"embeddable":true,"href":"https:\/\/vocesparalelas.com.ar\/sitio\/wp-json\/wp\/v2\/media\/37876"}],"wp:attachment":[{"href":"https:\/\/vocesparalelas.com.ar\/sitio\/wp-json\/wp\/v2\/media?parent=37874"}],"wp:term":[{"taxonomy":"category","embeddable":true,"href":"https:\/\/vocesparalelas.com.ar\/sitio\/wp-json\/wp\/v2\/categories?post=37874"},{"taxonomy":"post_tag","embeddable":true,"href":"https:\/\/vocesparalelas.com.ar\/sitio\/wp-json\/wp\/v2\/tags?post=37874"}],"curies":[{"name":"wp","href":"https:\/\/api.w.org\/{rel}","templated":true}]}}