{"id":37859,"date":"2021-05-17T23:12:49","date_gmt":"2021-05-18T02:12:49","guid":{"rendered":"http:\/\/vocesparalelas.com.ar\/sitio\/?p=37859"},"modified":"2021-05-17T23:12:49","modified_gmt":"2021-05-18T02:12:49","slug":"buscan-desarrollar-politicas-agroindustriales-complementarias-entre-mendoza-y-san-juan","status":"publish","type":"post","link":"https:\/\/vocesparalelas.com.ar\/sitio\/buscan-desarrollar-politicas-agroindustriales-complementarias-entre-mendoza-y-san-juan\/","title":{"rendered":"Buscan desarrollar pol\u00edticas agroindustriales complementarias entre Mendoza y San Juan"},"content":{"rendered":"<p>El gobernador de San Juan, Dr. Sergio U\u00f1ac, recibi\u00f3 al intendente de San Rafael de la Provincia de Mendoza, Emir F\u00e9lix, con quien dialog\u00f3 sobre la necesidad de desarrollar pol\u00edticas agroindustriales complementarias.<\/p>\n<p>El encuentro se llev\u00f3 a cabo en Casa de Gobierno y al t\u00e9rmino del mismo el intendente mendocino brind\u00f3 detalles al resaltar que \u00abten\u00edamos esta reuni\u00f3n pendiente, analizamos algunas pol\u00edticas complementarias para la agroindustria y poder trabajar juntos en funci\u00f3n del mercado externo\u201d.<\/p>\n<p>Agreg\u00f3 F\u00e9lix que \u201cen medio de una pandemia es un tema complicado, pero no tenemos que renunciar a seguir trabajando en el marco de la econom\u00eda y las econom\u00edas regionales\u201d.<\/p>\n<p>En este sentido indic\u00f3 que dialog\u00f3 cono el gobernador U\u00f1ac \u00absobre el tema agroindustrial y de qu\u00e9 manera articular pol\u00edticas conjuntas, porque San Juan es muy fuerte en la producci\u00f3n de tomates, olivos, pero nosotros tambi\u00e9n tenemos olivos muy desarrollados. La idea es poder atacar mercados internacionales de manera conjunta. Ser\u00eda muy importante\u00bb.<\/p>\n<p>Finalmente el funcionario mendocino asever\u00f3 que que \u201cSan Juan tiene un liderazgo importante en ese sentido que queremos acompa\u00f1ar, porque San Rafael tiene un liderazgo muy grande en el mercado de la ciruela a nivel mundial, con un 80 por ciento de la producci\u00f3n de ciruela de la Argentina, siendo Argentina el cuarto pa\u00eds productor del mundo. Hay mucho mercado que podemos hacerlo complementario\u201d.<\/p>\n<p>&nbsp;<\/p>\n<p>&nbsp;<\/p>\n<p>&nbsp;<\/p>\n<p>&nbsp;<\/p>\n","protected":false},"excerpt":{"rendered":"<p>El gobernador de San Juan, Dr. Sergio U\u00f1ac, recibi\u00f3 al intendente de San Rafael de la Provincia de Mendoza, Emir<\/p>\n","protected":false},"author":3,"featured_media":37861,"comment_status":"closed","ping_status":"closed","sticky":false,"template":"","format":"standard","meta":{"_acf_changed":false,"_seopress_robots_primary_cat":"none","_seopress_titles_title":"","_seopress_titles_desc":"","_seopress_robots_index":"","colormag_page_container_layout":"default_layout","colormag_page_sidebar_layout":"default_layout","footnotes":""},"categories":[1],"tags":[],"class_list":["post-37859","post","type-post","status-publish","format-standard","has-post-thumbnail","hentry","category-destacadas"],"acf":[],"_links":{"self":[{"href":"https:\/\/vocesparalelas.com.ar\/sitio\/wp-json\/wp\/v2\/posts\/37859","targetHints":{"allow":["GET"]}}],"collection":[{"href":"https:\/\/vocesparalelas.com.ar\/sitio\/wp-json\/wp\/v2\/posts"}],"about":[{"href":"https:\/\/vocesparalelas.com.ar\/sitio\/wp-json\/wp\/v2\/types\/post"}],"author":[{"embeddable":true,"href":"https:\/\/vocesparalelas.com.ar\/sitio\/wp-json\/wp\/v2\/users\/3"}],"replies":[{"embeddable":true,"href":"https:\/\/vocesparalelas.com.ar\/sitio\/wp-json\/wp\/v2\/comments?post=37859"}],"version-history":[{"count":1,"href":"https:\/\/vocesparalelas.com.ar\/sitio\/wp-json\/wp\/v2\/posts\/37859\/revisions"}],"predecessor-version":[{"id":37862,"href":"https:\/\/vocesparalelas.com.ar\/sitio\/wp-json\/wp\/v2\/posts\/37859\/revisions\/37862"}],"wp:featuredmedia":[{"embeddable":true,"href":"https:\/\/vocesparalelas.com.ar\/sitio\/wp-json\/wp\/v2\/media\/37861"}],"wp:attachment":[{"href":"https:\/\/vocesparalelas.com.ar\/sitio\/wp-json\/wp\/v2\/media?parent=37859"}],"wp:term":[{"taxonomy":"category","embeddable":true,"href":"https:\/\/vocesparalelas.com.ar\/sitio\/wp-json\/wp\/v2\/categories?post=37859"},{"taxonomy":"post_tag","embeddable":true,"href":"https:\/\/vocesparalelas.com.ar\/sitio\/wp-json\/wp\/v2\/tags?post=37859"}],"curies":[{"name":"wp","href":"https:\/\/api.w.org\/{rel}","templated":true}]}}