{"id":37855,"date":"2021-05-17T23:02:10","date_gmt":"2021-05-18T02:02:10","guid":{"rendered":"http:\/\/vocesparalelas.com.ar\/sitio\/?p=37855"},"modified":"2021-05-17T23:02:10","modified_gmt":"2021-05-18T02:02:10","slug":"analizaron-diferentes-proyectos-en-comisiones-de-la-camara-de-diputados-de-san-juan","status":"publish","type":"post","link":"https:\/\/vocesparalelas.com.ar\/sitio\/analizaron-diferentes-proyectos-en-comisiones-de-la-camara-de-diputados-de-san-juan\/","title":{"rendered":"Analizaron diferentes proyectos en comisiones de la C\u00e1mara de Diputados de San Juan"},"content":{"rendered":"<div class=\"itemFullText jbintrotext\">\n<p>Los integrantes de las Comisiones de Obras y Servicios P\u00fablicos; Justicia y Seguridad; y Legislaci\u00f3n y Asuntos Constitucionales, se reunieron para estudiar y analizar diversos proyectos presentados.<\/p>\n<\/div>\n<div class=\"itemFullText\">\n<p>En primer t\u00e9rmino, tuvo lugar la reuni\u00f3n de Obras y Servicios P\u00fablicos en la sala de Situaci\u00f3n del bloque Justicialista. Estuvo presidida por su presidente, diputado Jorge Barifusa y participaron los legisladores Andr\u00e9s Chanampa, Horacio Quiroga, Marcelo Mallea, Enzo Cornejo, Juan Manuel Roca, Juan Carlos Gioja y Jos\u00e9 Luis Esteve.<\/p>\n<p>En la oportunidad trataron nueve asuntos de autor\u00eda de diferentes diputados; y decidieron otorgar despacho favorable a tres proyectos de Comunicaci\u00f3n. Uno de ellos, presentado por el legislador Federico Hensel, que solicita la ampliaci\u00f3n y refacci\u00f3n del edificio de la escuela Ingeniero F\u00e9lix Aguilar-Jorge Luis Bates- CENS H\u00e9roes de Malvinas. Otro, remitido por el parlamentario Enrique Monta\u00f1o, que requiere que la Secretar\u00eda de Estado de Seguridad y Orden P\u00fablico tome las medidas necesarias a los fines de instalar diez c\u00e1maras de video vigilancia tipo domo 3600 en el departamento Iglesia. Y un tercer proyecto de autor\u00eda del diputado Jorge Barifusa, que solicita al Poder Ejecutivo arbitre los recursos necesarios para la \u00abReconstrucci\u00f3n de la Ruta Nacional 40. Tramo: Campo Afuera, departamento Albard\u00f3n \u2014 Intersecci\u00f3n con Ruta 150, localidad San Roque, departamento J\u00e1chal\u201d.<\/p>\n<p>Por su parte, la Comisi\u00f3n de Justicia y Seguridad estuvo encabezada por su titular, diputada Celina Ramella y estuvieron presentes las legisladoras Florencia Pe\u00f1aloza y Marcela Monti; y los diputados Jorge Barifusa, Jos\u00e9 Luis Esteve y Enzo Cornejo.<\/p>\n<p>En la ocasi\u00f3n, analizaron y dieron despacho a dos proyectos de Ley remitidos por el Poder Ejecutivo que proponen ratificar, por un lado, un convenio firmado entre el Registro Nacional de las Personas (RENAPER) y el gobierno de San Juan que tiene por finalidad el confronte de datos personales para la prestaci\u00f3n de servicios de validaci\u00f3n de la identidad de personas. Y por el otro, un acuerdo entre la Secretar\u00eda de Estado de Seguridad y Orden P\u00fablico, el Servicio Penitenciario Provincial, y la Asociaci\u00f3n Fe y Alegr\u00eda, con el objeto de trabajar mancomunadamente, articulando acciones en busca de lograr la integraci\u00f3n y reinserci\u00f3n laboral de los internos.<\/p>\n<p>Y por \u00faltimo, fue llevada a cabo la reuni\u00f3n de la Comisi\u00f3n de Legislaci\u00f3n y Asuntos Constitucionales en la sala de Vicegobernadores. Estuvo presidida por su titular, diputada Marcela Monti y cont\u00f3 con la participaci\u00f3n de los legisladores Jos\u00e9 Luis Esteve, Edgardo Sancassani, Jorge Barifusa, y las diputadas Celina Ramella, Florencia Pe\u00f1aloza, Marcela Quiroga, Graciela Seva y Fernanda Paredes.<\/p>\n<p>Durante el estudio de los asuntos otorgaron despacho favorable a un proyecto de Ley remitido por el Poder Ejecutivo que propone ratificar una serie de convenios sobre \u201cIncentivo al consumo y reactivaci\u00f3n econ\u00f3mica en comercio\u201d, \u201cPr\u00e9stamos con destino a Capital de Trabajo\u201d, Anexos I y II; \u201cFinanciamiento de Capital de Trabajo- Descuentos de Cheques y Anexos I y II; y de \u201cL\u00ednea global de financiamiento de proyectos de inversi\u00f3n\u201d, Anexos I y II, firmados el 5 de abril de 2021 y de \u201cInversi\u00f3n productiva-Bonificaci\u00f3n de Tasa de Inter\u00e9s\u201d, Anexos A y B, suscrito el 12 de abril del corriente a\u00f1o.<\/p>\n<p>Tambi\u00e9n, dieron despacho a seis proyectos de Ley del Ejecutivo que proponen:<\/p>\n<ul>\n<li>ratificar dos convenios firmados entre la Secretar\u00eda de H\u00e1bitat del Ministerio de Desarrollo Territorial y H\u00e1bitat, y la provincia de San Juan para la construcci\u00f3n\u00a0 de 837 viviendas en el departamento Rivadavia, y la adquisici\u00f3n e instalaci\u00f3n de 200 viviendas de construcci\u00f3n liviana de r\u00e1pida ejecuci\u00f3n en el departamento Pocito;<\/li>\n<li>modificar el art\u00edculo 2\u00ba de la Ley 1800-L de creaci\u00f3n del Observatorio Ambiental, para incorporar a la Secretar\u00eda de Ciencia, Tecnolog\u00eda e Innovaci\u00f3n de la Provincia de San Juan al Centro de Monitoreo;<\/li>\n<li>ratificar un convenio entre la provincia y el Ministerio de Transporte de la Naci\u00f3n, para la ejecuci\u00f3n de la obra \u201cEstaci\u00f3n de Transbordo de la calle Mitre\u201d en el marco del Sistema de Transporte P\u00fablico de Pasajeros denominado \u201cRedTulum\u201d;<\/li>\n<li>aprobar un convenio Marco de Cooperaci\u00f3n T\u00e9cnica suscripto entre la Secretar\u00eda de Estado de Ambiente y Desarrollo Sustentable y la Asociaci\u00f3n de Criadores de Psit\u00e1cidos y Ornamentales;<\/li>\n<li>y ratificar un acta celebrada entre la Agencia Territorial San Juan, Ministerio de Trabajo, Empleo y Seguridad Social de la Naci\u00f3n,\u00a0 y el Ministerio de Gobierno de la Provincia de San Juan,\u00a0 con el objeto de acordar la tenencia del inmueble sito en calle Santa Fe 77-79 Oeste, de propiedad del Estado Nacional, Ministerio de Trabajo, Empleo y Seguridad Social, en poder de la Provincia de San Juan.<\/li>\n<\/ul>\n<p>Por \u00faltimo, otorgaron acuerdo en la Comisi\u00f3n a un proyecto de Ley de autor\u00eda del diputado Gast\u00f3n Berenguer que establece el 15 de enero de cada a\u00f1o como el \u00abD\u00eda Provincial de la Prevenci\u00f3n S\u00edsmica en la Provincia de San Juan\u00bb.<\/p>\n<\/div>\n<p>&nbsp;<\/p>\n<p>&nbsp;<\/p>\n","protected":false},"excerpt":{"rendered":"<p>Los integrantes de las Comisiones de Obras y Servicios P\u00fablicos; Justicia y Seguridad; y Legislaci\u00f3n y Asuntos Constitucionales, se reunieron<\/p>\n","protected":false},"author":3,"featured_media":37857,"comment_status":"closed","ping_status":"closed","sticky":false,"template":"","format":"standard","meta":{"_acf_changed":false,"_seopress_robots_primary_cat":"none","_seopress_titles_title":"","_seopress_titles_desc":"","_seopress_robots_index":"","colormag_page_container_layout":"default_layout","colormag_page_sidebar_layout":"default_layout","footnotes":""},"categories":[1],"tags":[],"class_list":["post-37855","post","type-post","status-publish","format-standard","has-post-thumbnail","hentry","category-destacadas"],"acf":[],"_links":{"self":[{"href":"https:\/\/vocesparalelas.com.ar\/sitio\/wp-json\/wp\/v2\/posts\/37855","targetHints":{"allow":["GET"]}}],"collection":[{"href":"https:\/\/vocesparalelas.com.ar\/sitio\/wp-json\/wp\/v2\/posts"}],"about":[{"href":"https:\/\/vocesparalelas.com.ar\/sitio\/wp-json\/wp\/v2\/types\/post"}],"author":[{"embeddable":true,"href":"https:\/\/vocesparalelas.com.ar\/sitio\/wp-json\/wp\/v2\/users\/3"}],"replies":[{"embeddable":true,"href":"https:\/\/vocesparalelas.com.ar\/sitio\/wp-json\/wp\/v2\/comments?post=37855"}],"version-history":[{"count":1,"href":"https:\/\/vocesparalelas.com.ar\/sitio\/wp-json\/wp\/v2\/posts\/37855\/revisions"}],"predecessor-version":[{"id":37858,"href":"https:\/\/vocesparalelas.com.ar\/sitio\/wp-json\/wp\/v2\/posts\/37855\/revisions\/37858"}],"wp:featuredmedia":[{"embeddable":true,"href":"https:\/\/vocesparalelas.com.ar\/sitio\/wp-json\/wp\/v2\/media\/37857"}],"wp:attachment":[{"href":"https:\/\/vocesparalelas.com.ar\/sitio\/wp-json\/wp\/v2\/media?parent=37855"}],"wp:term":[{"taxonomy":"category","embeddable":true,"href":"https:\/\/vocesparalelas.com.ar\/sitio\/wp-json\/wp\/v2\/categories?post=37855"},{"taxonomy":"post_tag","embeddable":true,"href":"https:\/\/vocesparalelas.com.ar\/sitio\/wp-json\/wp\/v2\/tags?post=37855"}],"curies":[{"name":"wp","href":"https:\/\/api.w.org\/{rel}","templated":true}]}}