{"id":37851,"date":"2021-05-17T22:37:21","date_gmt":"2021-05-18T01:37:21","guid":{"rendered":"http:\/\/vocesparalelas.com.ar\/sitio\/?p=37851"},"modified":"2021-05-18T00:34:17","modified_gmt":"2021-05-18T03:34:17","slug":"evaluaron-los-datos-de-cuidar-escuela-fortaleciendo-la-presencialidad-de-los-alumnos-en-san-juan","status":"publish","type":"post","link":"https:\/\/vocesparalelas.com.ar\/sitio\/evaluaron-los-datos-de-cuidar-escuela-fortaleciendo-la-presencialidad-de-los-alumnos-en-san-juan\/","title":{"rendered":"Evaluaron los datos de Cuidar Escuela fortaleciendo la presencialidad de los alumnos en San Juan"},"content":{"rendered":"<p>El ministro de Educaci\u00f3n del Gobierno de San Juan, Lic. \u00a0Felipe De Los R\u00edos, recibi\u00f3 a los secretarios generales de los gremios docentes UDAP, Prof. Luis Lucero; de UDA, Prof. Roberto Rosa; y de AMET, Prof. Daniel Quiroga. Tambi\u00e9n particip\u00f3 del encuentro el secretario de Seguridad, Dr. Carlos Munisaga.<\/p>\n<p>El ministro de Educaci\u00f3n, Lic. Felipe De Los R\u00edos junto a funcionarias de su gabinete explicaron los datos de Cuidar Escuela brindando un pormenorizado informe de la situaci\u00f3n desde el inicio del Ciclo Lectivo 2021 con la presencialidad cuidada, como as\u00ed tambi\u00e9n del relevamiento que se realiza en el control del cumplimiento de protocolos y distribuci\u00f3n de elementos.<\/p>\n<p>Posteriormente el secretario de Seguridad expuso las tareas que lleva adelante la Polic\u00eda por el COVID-19 en relaci\u00f3n al personal afectado a edificios escolares.<\/p>\n<p>Los gremios valoraron la disposici\u00f3n de las autoridades y el gran trabajo para mantener la presencialidad cuidada y solicitaron, de ser viable por la agenda de las funcionarias, una reuni\u00f3n para este viernes 21 en la que est\u00e9 presente la secretaria de Planificaci\u00f2n de Salud, Alina Almaz\u00e1n y la titular de Epidemiologia, M\u00f3nica Jofr\u00e9, para conocer avances de la campa\u00f1a de vacunaci\u00f3n del sector educativo.<\/p>\n<p>El resto de los temas de la agenda sobre Titularizaciones de Gabinetes, Docencia Pasiva, incorporaci\u00f3n de docente de Coros y Orquestas, se seguir\u00e1 abordando en las pr\u00f3ximos reuniones.<\/p>\n<p>&nbsp;<\/p>\n<p>&nbsp;<\/p>\n<p>&nbsp;<\/p>\n","protected":false},"excerpt":{"rendered":"<p>El ministro de Educaci\u00f3n del Gobierno de San Juan, Lic. \u00a0Felipe De Los R\u00edos, recibi\u00f3 a los secretarios generales de<\/p>\n","protected":false},"author":3,"featured_media":37853,"comment_status":"closed","ping_status":"closed","sticky":false,"template":"","format":"standard","meta":{"_acf_changed":false,"_seopress_robots_primary_cat":"none","_seopress_titles_title":"","_seopress_titles_desc":"","_seopress_robots_index":"","colormag_page_container_layout":"default_layout","colormag_page_sidebar_layout":"default_layout","footnotes":""},"categories":[1],"tags":[],"class_list":["post-37851","post","type-post","status-publish","format-standard","has-post-thumbnail","hentry","category-destacadas"],"acf":[],"_links":{"self":[{"href":"https:\/\/vocesparalelas.com.ar\/sitio\/wp-json\/wp\/v2\/posts\/37851","targetHints":{"allow":["GET"]}}],"collection":[{"href":"https:\/\/vocesparalelas.com.ar\/sitio\/wp-json\/wp\/v2\/posts"}],"about":[{"href":"https:\/\/vocesparalelas.com.ar\/sitio\/wp-json\/wp\/v2\/types\/post"}],"author":[{"embeddable":true,"href":"https:\/\/vocesparalelas.com.ar\/sitio\/wp-json\/wp\/v2\/users\/3"}],"replies":[{"embeddable":true,"href":"https:\/\/vocesparalelas.com.ar\/sitio\/wp-json\/wp\/v2\/comments?post=37851"}],"version-history":[{"count":2,"href":"https:\/\/vocesparalelas.com.ar\/sitio\/wp-json\/wp\/v2\/posts\/37851\/revisions"}],"predecessor-version":[{"id":37871,"href":"https:\/\/vocesparalelas.com.ar\/sitio\/wp-json\/wp\/v2\/posts\/37851\/revisions\/37871"}],"wp:featuredmedia":[{"embeddable":true,"href":"https:\/\/vocesparalelas.com.ar\/sitio\/wp-json\/wp\/v2\/media\/37853"}],"wp:attachment":[{"href":"https:\/\/vocesparalelas.com.ar\/sitio\/wp-json\/wp\/v2\/media?parent=37851"}],"wp:term":[{"taxonomy":"category","embeddable":true,"href":"https:\/\/vocesparalelas.com.ar\/sitio\/wp-json\/wp\/v2\/categories?post=37851"},{"taxonomy":"post_tag","embeddable":true,"href":"https:\/\/vocesparalelas.com.ar\/sitio\/wp-json\/wp\/v2\/tags?post=37851"}],"curies":[{"name":"wp","href":"https:\/\/api.w.org\/{rel}","templated":true}]}}