{"id":37840,"date":"2021-05-17T21:19:44","date_gmt":"2021-05-18T00:19:44","guid":{"rendered":"http:\/\/vocesparalelas.com.ar\/sitio\/?p=37840"},"modified":"2021-05-17T21:19:44","modified_gmt":"2021-05-18T00:19:44","slug":"se-destinan-160-millones-de-pesos-para-el-desarrollo-de-programas-turisticos-y-culturales-de-san-juan","status":"publish","type":"post","link":"https:\/\/vocesparalelas.com.ar\/sitio\/se-destinan-160-millones-de-pesos-para-el-desarrollo-de-programas-turisticos-y-culturales-de-san-juan\/","title":{"rendered":"Se destinan 160 millones de pesos para el desarrollo de Programas Tur\u00edsticos y Culturales de San Juan"},"content":{"rendered":"<p>En Casa de Gobierno de San Juan, se desarroll\u00f3 el lanzamiento de dos importantes programas a nivel tur\u00edstico y cultural. Se trata de la presentaci\u00f3n de los programas Nuevos Destinos, con el fin de fortalecer la infraestructura tur\u00edstica local, y Emprendedor Tur\u00edstico y Cultural para apoyar a los emprendedores del sector.<\/p>\n<p>El acto fue presidido por el gobernador Dr. Sergio U\u00f1ac y acompa\u00f1aron la ministro de Turismo y Cultura, Lic. Claudia Grynszpan; secretario de Turismo, Dr. Roberto Ju\u00e1rez; secretaria de Cultura, Prof. Virginia Agote; los intendentes: de Capital, Emilio Baistrocchi; de Chimbas, Fabi\u00e1n Gramajo; de Rivadavia, Dr. Fabi\u00e1n Mart\u00edn; de Santa Luc\u00eda, CPN Juan Jos\u00e9 Orrego; de Pocito, Armando S\u00e1nchez; de Sarmiento, Mario Mart\u00edn; de Valle F\u00e9rtil, Omar Ort\u00edz; de Albard\u00f3n, Jorge Palmero; Angaco, Carlos Maza Pez\u00e9; de J\u00e1chal, CPN Miguel Vega; Iglesia, Jorge Espejo; Calingasta, Jorge Casta\u00f1eda; de Ullum Leopoldo Soler; entre otros funcionarios de gobierno.<\/p>\n<p>La inversi\u00f3n total que realizar\u00e1 el Gobierno de San Juan a trav\u00e9s del Ministerio de Turismo y Cultura ronda los 160 millones de pesos, de los cuales 120 millones corresponden al programa Nuevos Destinos, que es el primer plan provincial destinado a infraestructura tur\u00edstica. Se busca que a trav\u00e9s de los municipios se potencie el desarrollo sustentable de los espacios tur\u00edsticos, promoviendo las inversiones en el sector.<\/p>\n<p>En ese orden, U\u00f1ac destac\u00f3 que San Juan convirti\u00f3 las inversiones tur\u00edsticas y el apoyo al turismo en pol\u00edtica de Estado. Luego, explic\u00f3 los avances del sector al indicar que \u201cla diversificaci\u00f3n de la matriz econ\u00f3mica ha sido el gran eje de desarrollo para la provincia. Lo que fue hace cuatro o cinco d\u00e9cadas la vitivinicultura se le incorpor\u00f3 industria, miner\u00eda, energ\u00eda renovables y el turismo tambi\u00e9n\u201d.<\/p>\n<p>En ese sentido, el gobernador puso en relieve la infraestructura sanjuanina destacando el Teatro del Bicentenario como el m\u00e1s moderno del pa\u00eds y que la inversi\u00f3n realizada a nivel deportiva permiti\u00f3 que los sanjuaninos sean destinatarios directos de importantes eventos deportivos.<\/p>\n<p>En relaci\u00f3n a ello explic\u00f3 que San Juan es un importante destino a nivel cultural y deportivo. \u201cQuienes tienen la posibilidad de definir eventos nacionales ponen a la provincia como escenario posible o probable para que se puedan desarrollar\u201d, a\u00f1adi\u00f3.<\/p>\n<p>Luego, agradeci\u00f3 la presencia de los intendentes y dijo que \u201csi bien la inversi\u00f3n est\u00e1 destinada a potenciar el sector privado, se desarrollar\u00e1 en los distintos municipios de San Juan\u201d.<\/p>\n<p>Para finalizar cont\u00f3 que en San Juan se contin\u00faa generando herramientas en favor al sector tur\u00edstico y privado pese a la pandemia, \u00abapostando a la infraestructura y a los destinos que necesitan de esta ayuda por parte del Estado para desarrollarse y que junto al sector p\u00fablico y privado, Gobierno de la provincia e intendentes, podamos proporcionar condiciones de crecimiento y mejor trabajo para todos los sanjuaninos\u201d.<\/p>\n<p>A continuaci\u00f3n, la ministra Grynszpan valor\u00f3 que \u201cestando en un contexto dif\u00edcil logramos promover dos programas que suman 160 millones de pesos, que no son solo subsidios sino trabajo que queda\u201d.<\/p>\n<p>Con respecto al programa Emprendedor Tur\u00edstico y Cultural, la titular de la cartera evalu\u00f3 que \u201cvamos por la sexta edici\u00f3n, con un aporte de m\u00e1s de 50 millones desde que comenz\u00f3, en el 2015. Luego comenz\u00f3 el Cultural; gracias a esto se cre\u00f3 Producto Tur\u00edstico. Un ejemplo es Punta Negra\u201d.<\/p>\n<p>Con respecto al Programa Nuevos destinos, la funcionaria dijo que \u201ces la primera vez que se destinan fondos para infraestructura tur\u00edstica. Es una infraestructura liviana, r\u00e1pida, que llega inmediatamente, en m\u00f3dulos o conteiner adaptados a ba\u00f1os, de oficinas m\u00f3viles, carteler\u00eda, pasarelas para miradores\u00bb, entre otros.<\/p>\n<p>El secretario de Turismo, por su parte, puso en relieve la importancia de los programas y la sostenibilidad en el tiempo de los mismos. \u201cEl programa Emprendedor Tur\u00edstico y Cultural fue muy pedido en el Acuerdo San Juan y para nosotros es muy importante poder potenciarlo y llevarlo a cabo un nuevo a\u00f1o\u201d, dijo.<\/p>\n<p>Respecto al programa Nuevos Destinos, Roberto Ju\u00e1rez explic\u00f3 que \u201csurgi\u00f3 en pandemia ya que los sanjuaninos y turistas nacionales se est\u00e1n animando a buscar a lugares muy escondidos que tiene la provincia y por eso buscamos brindar peque\u00f1as infraestructuras para que sean m\u00e1s accesibles\u201d.<\/p>\n<p>A su turno, Virginia Agote coment\u00f3 que Emprendedor Cultural comenz\u00f3 con la finalidad de apoyar a los emprendedores culturales para que puedan desarrollar sus emprendimientos pero que \u00abcon la pandemia se reformul\u00f3 para ayudar a sostener las actividades culturales. M\u00e1s de 100 trabajadores de la cultura y 60 espacios culturales fueron beneficiados\u00bb.<\/p>\n<p><span style=\"color: #99cc00;\"><strong>Detalle de los programas<\/strong><\/span><\/p>\n<p><span style=\"color: #99cc00;\"><strong>Nuevos Destinos<\/strong><\/span><\/p>\n<p>Es el primer programa provincial que busca potenciar el desarrollo sustentable de espacios tur\u00edsticos en los municipios.<\/p>\n<p>Con una inversi\u00f3n total de 120 millones, el Gobierno de San Juan apoyar\u00e1 a los proyectos que revaloricen el patrimonio cultural, que potencien nuevos atractivos tur\u00edsticos y que realicen mejoras en las instalaciones de los destinos existentes.<\/p>\n<p>De esta manera, cooperar\u00e1 al fortalecimiento de la oferta y el desarrollo de los destinos emergentes y productos tur\u00edsticos en la provincia.<\/p>\n<p>As\u00ed, Nuevos Destinos apunta a dotar de peque\u00f1a infraestructura y\/o servicios a nuevos atractivos para hacerlos accesibles a los visitantes.<\/p>\n<p>Para eso, se priorizar\u00e1n los proyectos tur\u00edsticos basados en la sustentabilidad, el turismo cient\u00edfico, las \u00e1reas naturales, el cuidado del ambiente, las energ\u00edas que demanden y la gesti\u00f3n de los residuos; lo que va permitir el desarrollo de las econom\u00edas locales.<\/p>\n<p>Nuevos Destinos est\u00e1 destinado a los municipios. En este sentido, podr\u00e1n acceder a la financiaci\u00f3n de distintas l\u00edneas como la de Unidades de informaci\u00f3n tur\u00edstica, Instalaciones tur\u00edsticas, Revalorizaci\u00f3n del patrimonio natural y cultural y Se\u00f1al\u00e9tica.<\/p>\n<p><strong><span style=\"color: #99cc00;\">Emprendedor Tur\u00edstico<\/span><\/strong><\/p>\n<p>En su sexta edici\u00f3n, el programa propone generar acciones e incorporar herramientas para el fomento y desarrollo del emprendedor tur\u00edstico sanjuanino. Este a\u00f1o el fondo total es de 20 millones de pesos y la convocatoria apunta a impulsar el desarrollo e implementar estrategias comerciales en las empresas vinculadas al sector.<\/p>\n<p>Para eso, est\u00e1n disponibles las l\u00edneas de Turismo gastron\u00f3mico y de alojamiento; Turismo aventura; Turismo astron\u00f3mico y\/ o cient\u00edfico; Eficiencia energ\u00e9tica; Innovaci\u00f3n tur\u00edstica, Bodegas tur\u00edsticas y establecimientos vinculados a la Ruta del Vino y Ruta del Olivo; Ecoturismo y Accesibilidad f\u00edsica y comunicacional.<\/p>\n<p>Los prestadores inscriptos en las distintas l\u00edneas, adem\u00e1s, de presentar la documentaci\u00f3n correspondiente deber\u00e1n aprobar un curso tem\u00e1tico e inscribirse en forma online en la plataforma Capacitur. En cuanto al asesoramiento del programa se canaliza a trav\u00e9s de la Direcci\u00f3n de Desarrollo Tur\u00edstico ubicada en calle Sarmiento 24 Sur, en el edificio de la Secretar\u00eda de Turismo, de lunes a viernes de 9 a 14.<\/p>\n<p>Los prestadores inscriptos en las distintas l\u00edneas, deber\u00e1n aprobar un curso tem\u00e1tico e inscribirse en forma online en la plataforma www.capacitur.tur.ar. En cuanto al asesoramiento del programa, se canalizar\u00e1 a trav\u00e9s de la Direcci\u00f3n de Desarrollo Tur\u00edstico en el edificio de la Secretar\u00eda de Turismo de lunes a viernes de 9 a 14hs.<\/p>\n<p><strong><span style=\"color: #99cc00;\">Emprendedor Cultural<\/span><\/strong><\/p>\n<p>El programa Emprendedor Cultural lanz\u00f3 su quinta edici\u00f3n. Se trata de una herramienta de financiamiento para el desarrollo y sostenibilidad de los trabajadores del \u00e1mbito cultural en la provincia ante los efectos econ\u00f3micos y sociales producidos por la emergencia sanitaria.<\/p>\n<p>Este fondo provincial de $20 millones tiene por objetivo otorgar incentivos econ\u00f3micos para el fortalecimiento del sector cultural y est\u00e1 destinado a artistas, productores, gestores, emprendedores y espacios del sector cultural.<\/p>\n<p>El programa cuenta con tres l\u00edneas: Emprendimientos culturales, Producciones culturales y Apoyo a espacios culturales.<\/p>\n<p><img loading=\"lazy\" decoding=\"async\" class=\"alignnone wp-image-37842 size-full\" src=\"https:\/\/vocesparalelas.com.ar\/sitio\/wp-content\/uploads\/2021\/05\/CULTURAL-TURISMO-01.jpg\" alt=\"\" width=\"800\" height=\"472\" srcset=\"https:\/\/vocesparalelas.com.ar\/sitio\/wp-content\/uploads\/2021\/05\/CULTURAL-TURISMO-01.jpg 800w, https:\/\/vocesparalelas.com.ar\/sitio\/wp-content\/uploads\/2021\/05\/CULTURAL-TURISMO-01-300x177.jpg 300w, https:\/\/vocesparalelas.com.ar\/sitio\/wp-content\/uploads\/2021\/05\/CULTURAL-TURISMO-01-768x453.jpg 768w\" sizes=\"auto, (max-width: 800px) 100vw, 800px\" \/><\/p>\n<p>&nbsp;<\/p>\n<p>&nbsp;<\/p>\n<p>&nbsp;<\/p>\n<p>&nbsp;<\/p>\n<p>&nbsp;<\/p>\n","protected":false},"excerpt":{"rendered":"<p>En Casa de Gobierno de San Juan, se desarroll\u00f3 el lanzamiento de dos importantes programas a nivel tur\u00edstico y cultural.<\/p>\n","protected":false},"author":3,"featured_media":37843,"comment_status":"closed","ping_status":"closed","sticky":false,"template":"","format":"standard","meta":{"_acf_changed":false,"_seopress_robots_primary_cat":"none","_seopress_titles_title":"","_seopress_titles_desc":"","_seopress_robots_index":"","colormag_page_container_layout":"default_layout","colormag_page_sidebar_layout":"default_layout","footnotes":""},"categories":[1],"tags":[],"class_list":["post-37840","post","type-post","status-publish","format-standard","has-post-thumbnail","hentry","category-destacadas"],"acf":[],"_links":{"self":[{"href":"https:\/\/vocesparalelas.com.ar\/sitio\/wp-json\/wp\/v2\/posts\/37840","targetHints":{"allow":["GET"]}}],"collection":[{"href":"https:\/\/vocesparalelas.com.ar\/sitio\/wp-json\/wp\/v2\/posts"}],"about":[{"href":"https:\/\/vocesparalelas.com.ar\/sitio\/wp-json\/wp\/v2\/types\/post"}],"author":[{"embeddable":true,"href":"https:\/\/vocesparalelas.com.ar\/sitio\/wp-json\/wp\/v2\/users\/3"}],"replies":[{"embeddable":true,"href":"https:\/\/vocesparalelas.com.ar\/sitio\/wp-json\/wp\/v2\/comments?post=37840"}],"version-history":[{"count":1,"href":"https:\/\/vocesparalelas.com.ar\/sitio\/wp-json\/wp\/v2\/posts\/37840\/revisions"}],"predecessor-version":[{"id":37844,"href":"https:\/\/vocesparalelas.com.ar\/sitio\/wp-json\/wp\/v2\/posts\/37840\/revisions\/37844"}],"wp:featuredmedia":[{"embeddable":true,"href":"https:\/\/vocesparalelas.com.ar\/sitio\/wp-json\/wp\/v2\/media\/37843"}],"wp:attachment":[{"href":"https:\/\/vocesparalelas.com.ar\/sitio\/wp-json\/wp\/v2\/media?parent=37840"}],"wp:term":[{"taxonomy":"category","embeddable":true,"href":"https:\/\/vocesparalelas.com.ar\/sitio\/wp-json\/wp\/v2\/categories?post=37840"},{"taxonomy":"post_tag","embeddable":true,"href":"https:\/\/vocesparalelas.com.ar\/sitio\/wp-json\/wp\/v2\/tags?post=37840"}],"curies":[{"name":"wp","href":"https:\/\/api.w.org\/{rel}","templated":true}]}}