{"id":37832,"date":"2021-05-17T20:04:12","date_gmt":"2021-05-17T23:04:12","guid":{"rendered":"http:\/\/vocesparalelas.com.ar\/sitio\/?p=37832"},"modified":"2021-05-19T00:40:15","modified_gmt":"2021-05-19T03:40:15","slug":"obra-de-teatro-el-unipersonal-el-corazon-delator","status":"publish","type":"post","link":"https:\/\/vocesparalelas.com.ar\/sitio\/obra-de-teatro-el-unipersonal-el-corazon-delator\/","title":{"rendered":"Obra de Teatro el unipersonal \u201cEl coraz\u00f3n delator\u201d"},"content":{"rendered":"<p>El Viernes, 21 de Mayo, a las 21:30 hs. en Espacio Teatral TES, Juan B Justo 335 \u2013 S \u2013 Rivadavia, se presenta el unipersonal \u201cEl coraz\u00f3n delator\u201d basado en el cuento hom\u00f3nimo del escritor estadounidense Edgar Allan Poe, la operaci\u00f3n t\u00e9cnica est\u00e1 a cargo de Javier Cerimedo, la obra es interpretada por el actor Emiliano Voiro y cuenta con la direcci\u00f3n de Jos\u00e9 Annecchini.<\/p>\n<p>Es apta para mayores de 13 a\u00f1os.<\/p>\n<p>El valor de las entradas es de $300 y $350 y pueden adquirirse de forma online en el siguiente link:<\/p>\n<p><a href=\"https:\/\/www.eventbrite.com.ar\/e\/el-corazon-delator-tickets-154607955557\">https:\/\/www.eventbrite.com.ar\/e\/el-corazon-delator-tickets-154607955557<\/a><\/p>\n<p>A 10 a\u00f1os de su estreno el espect\u00e1culo recorri\u00f3 gran parte de nuestro pa\u00eds y realiz\u00f3 m\u00e1s de 100 funciones.<\/p>\n<p>En 2012 la obra fue mencionada \u00abespect\u00e1culo destacado\u00bb de los PREMIOS teatro del mundo, menciones otorgadas por la UBA Universidad de Buenos Aires &#8211; Secretaria de Extensi\u00f3n Universitaria Centro Cultural Rojas.<\/p>\n<p>En 2013 el espect\u00e1culo particip\u00f3 del 9\u00b0 Festival Iberoamericano de Teatro \u00bb Cumbres de las Am\u00e9ricas\u00bb de Mar del Plata, recibi\u00f3 nominaciones a mejor unipersonal dram\u00e1tico y mejor actor.<\/p>\n<p><span style=\"color: #008000;\"><strong>\u201cEl coraz\u00f3n delator\u201d <\/strong><\/span><\/p>\n<p><span style=\"color: #008000;\"><strong>S\u00edntesis argumental<\/strong><\/span><\/p>\n<p>Un hombre con agudos problemas nerviosos realiza un plan macabro, luego intenta defender la naturaleza de sus actos y de su cordura, explicando cuidadosamente como y porque tomo aquellas decisiones extremas.<\/p>\n<p>Un universo imaginario e inquietante, que transita por momentos el suspenso policial y lo transforma en suspenso delirante.<\/p>\n<p><span style=\"color: #008000;\"><strong>Sobre el autor<\/strong><\/span><\/p>\n<p>Edgar Allan Poe fue un escritor, poeta, cr\u00edtico y periodista rom\u00e1ntico estadounidense, nacido en Boston (1809 \u2013 1849). Es generalmente reconocido como uno de los maestros universales del teatro corto, renovador de la novela g\u00f3tica y especialista encuentos de terror.<\/p>\n<p><span style=\"color: #008000;\"><strong>Ficha T\u00e9cnica<\/strong><\/span><\/p>\n<p>Int\u00e9rprete: Emiliano Voiro.<\/p>\n<p>Operaci\u00f3n t\u00e9cnica: Javier Cerimedo<\/p>\n<p>Dise\u00f1o lum\u00ednico y banda sonora original: Tatuajefalso<\/p>\n<p>Direcci\u00f3n: Jos\u00e9 Annecchini<\/p>\n<p><span style=\"color: #008000;\"><strong>Venta de Entradas<\/strong><\/span><\/p>\n<p><a href=\"https:\/\/www.eventbrite.com.ar\/e\/el-corazon-delator-tickets-154607955557\">https:\/\/www.eventbrite.com.ar\/e\/el-corazon-delator-tickets-154607955557<\/a><\/p>\n<p><span style=\"color: #008000;\"><strong>M\u00e1s informaci\u00f3n<\/strong><\/span><\/p>\n<p><a href=\"http:\/\/www.facebook.com\/emivoiro\">www.facebook.com\/emivoiro<\/a><\/p>\n<p><a href=\"http:\/\/www.instagram.com\/emivoiro\">www.instagram.com\/emivoiro<\/a><\/p>\n<p>&nbsp;<\/p>\n<p>&nbsp;<\/p>\n<p>&nbsp;<\/p>\n","protected":false},"excerpt":{"rendered":"<p>El Viernes, 21 de Mayo, a las 21:30 hs. en Espacio Teatral TES, Juan B Justo 335 \u2013 S \u2013<\/p>\n","protected":false},"author":3,"featured_media":37834,"comment_status":"closed","ping_status":"closed","sticky":false,"template":"","format":"standard","meta":{"_acf_changed":false,"_seopress_robots_primary_cat":"none","_seopress_titles_title":"","_seopress_titles_desc":"","_seopress_robots_index":"","colormag_page_container_layout":"default_layout","colormag_page_sidebar_layout":"default_layout","footnotes":""},"categories":[20],"tags":[],"class_list":["post-37832","post","type-post","status-publish","format-standard","has-post-thumbnail","hentry","category-cartelera"],"acf":[],"_links":{"self":[{"href":"https:\/\/vocesparalelas.com.ar\/sitio\/wp-json\/wp\/v2\/posts\/37832","targetHints":{"allow":["GET"]}}],"collection":[{"href":"https:\/\/vocesparalelas.com.ar\/sitio\/wp-json\/wp\/v2\/posts"}],"about":[{"href":"https:\/\/vocesparalelas.com.ar\/sitio\/wp-json\/wp\/v2\/types\/post"}],"author":[{"embeddable":true,"href":"https:\/\/vocesparalelas.com.ar\/sitio\/wp-json\/wp\/v2\/users\/3"}],"replies":[{"embeddable":true,"href":"https:\/\/vocesparalelas.com.ar\/sitio\/wp-json\/wp\/v2\/comments?post=37832"}],"version-history":[{"count":1,"href":"https:\/\/vocesparalelas.com.ar\/sitio\/wp-json\/wp\/v2\/posts\/37832\/revisions"}],"predecessor-version":[{"id":37835,"href":"https:\/\/vocesparalelas.com.ar\/sitio\/wp-json\/wp\/v2\/posts\/37832\/revisions\/37835"}],"wp:featuredmedia":[{"embeddable":true,"href":"https:\/\/vocesparalelas.com.ar\/sitio\/wp-json\/wp\/v2\/media\/37834"}],"wp:attachment":[{"href":"https:\/\/vocesparalelas.com.ar\/sitio\/wp-json\/wp\/v2\/media?parent=37832"}],"wp:term":[{"taxonomy":"category","embeddable":true,"href":"https:\/\/vocesparalelas.com.ar\/sitio\/wp-json\/wp\/v2\/categories?post=37832"},{"taxonomy":"post_tag","embeddable":true,"href":"https:\/\/vocesparalelas.com.ar\/sitio\/wp-json\/wp\/v2\/tags?post=37832"}],"curies":[{"name":"wp","href":"https:\/\/api.w.org\/{rel}","templated":true}]}}