{"id":37826,"date":"2021-05-16T20:18:18","date_gmt":"2021-05-16T23:18:18","guid":{"rendered":"http:\/\/vocesparalelas.com.ar\/sitio\/?p=37826"},"modified":"2021-05-16T21:10:52","modified_gmt":"2021-05-17T00:10:52","slug":"inicio-la-incorporacion-de-profesionales-el-gabinetes-tecnicos-interdisciplinarios","status":"publish","type":"post","link":"https:\/\/vocesparalelas.com.ar\/sitio\/inicio-la-incorporacion-de-profesionales-el-gabinetes-tecnicos-interdisciplinarios\/","title":{"rendered":"Inici\u00f3 la incorporaci\u00f3n de profesionales el Gabinetes T\u00e9cnicos Interdisciplinarios"},"content":{"rendered":"<p>Bajo estricto protocolo sanitario preventivo y con una gran afluencia de profesionales que realizaron su inscripci\u00f3n en llamados desde 2018 al 2021, comenz\u00f3 la entrega de cargos para incorporarse a Gabinetes T\u00e9cnicos Interdisciplinarios del Ministerio de Educaci\u00f3n del Gobierno de San Juan.<\/p>\n<p>En total se incorporar\u00e1n 88 profesionales. Las especialidades son: Psicolog\u00eda, Psicopedagog\u00eda, Trabajo Social, Fonoaudiolog\u00eda, Kinesiolog\u00eda y Terapia Ocupacional.<\/p>\n<p>En la primera jornada, con la presencia de la jefa de Gabinetes T\u00e9cnicos Interdisciplinarios, M\u00f3nica Guti\u00e9rrez, se cubrieron 20 vacantes en Trabajo Social, 6 en Fonoaudiolog\u00eda, una en Kinesiolog\u00eda y una en Terapia Ocupacional.<\/p>\n<p>Los ofrecimientos para cubrir los 60 cargos que quedan continuar\u00e1n el pr\u00f3ximo martes 18 y mi\u00e9rcoles 19, a partir de las 8 horas, en el ala de Capacitaci\u00f3n, en el dep\u00f3sito Central del Ministerio de Educaci\u00f3n, ubicado en calle 9 de Julio 1515 este (exCaf\u00e9 Am\u00e9rica).<\/p>\n<p>Por mayor informaci\u00f3n y detalles espec\u00edficos de los ofrecimientos, los aspirantes podr\u00e1n ingresar a al sitio oficial del Ministerio de Educaci\u00f3n<\/p>\n<p><a href=\"http:\/\/www.educacion.sanjuan.gob.ar\/\">http:\/\/www.educacion.sanjuan.gob.ar\/<\/a><\/p>\n<p>Consultas comunicarse en horario de 8 a 13 horas al 4302280 \u2013 430 5840.<\/p>\n<p>&nbsp;<\/p>\n<p><img loading=\"lazy\" decoding=\"async\" class=\"alignnone wp-image-37830 size-full\" src=\"https:\/\/vocesparalelas.com.ar\/sitio\/wp-content\/uploads\/2021\/05\/GABINETE-01.jpg\" alt=\"\" width=\"800\" height=\"397\" srcset=\"https:\/\/vocesparalelas.com.ar\/sitio\/wp-content\/uploads\/2021\/05\/GABINETE-01.jpg 800w, https:\/\/vocesparalelas.com.ar\/sitio\/wp-content\/uploads\/2021\/05\/GABINETE-01-300x149.jpg 300w, https:\/\/vocesparalelas.com.ar\/sitio\/wp-content\/uploads\/2021\/05\/GABINETE-01-768x381.jpg 768w\" sizes=\"auto, (max-width: 800px) 100vw, 800px\" \/><\/p>\n<p>&nbsp;<\/p>\n","protected":false},"excerpt":{"rendered":"<p>Bajo estricto protocolo sanitario preventivo y con una gran afluencia de profesionales que realizaron su inscripci\u00f3n en llamados desde 2018<\/p>\n","protected":false},"author":3,"featured_media":37828,"comment_status":"closed","ping_status":"closed","sticky":false,"template":"","format":"standard","meta":{"_acf_changed":false,"_seopress_robots_primary_cat":"none","_seopress_titles_title":"","_seopress_titles_desc":"","_seopress_robots_index":"","colormag_page_container_layout":"default_layout","colormag_page_sidebar_layout":"default_layout","footnotes":""},"categories":[1],"tags":[],"class_list":["post-37826","post","type-post","status-publish","format-standard","has-post-thumbnail","hentry","category-destacadas"],"acf":[],"_links":{"self":[{"href":"https:\/\/vocesparalelas.com.ar\/sitio\/wp-json\/wp\/v2\/posts\/37826","targetHints":{"allow":["GET"]}}],"collection":[{"href":"https:\/\/vocesparalelas.com.ar\/sitio\/wp-json\/wp\/v2\/posts"}],"about":[{"href":"https:\/\/vocesparalelas.com.ar\/sitio\/wp-json\/wp\/v2\/types\/post"}],"author":[{"embeddable":true,"href":"https:\/\/vocesparalelas.com.ar\/sitio\/wp-json\/wp\/v2\/users\/3"}],"replies":[{"embeddable":true,"href":"https:\/\/vocesparalelas.com.ar\/sitio\/wp-json\/wp\/v2\/comments?post=37826"}],"version-history":[{"count":1,"href":"https:\/\/vocesparalelas.com.ar\/sitio\/wp-json\/wp\/v2\/posts\/37826\/revisions"}],"predecessor-version":[{"id":37831,"href":"https:\/\/vocesparalelas.com.ar\/sitio\/wp-json\/wp\/v2\/posts\/37826\/revisions\/37831"}],"wp:featuredmedia":[{"embeddable":true,"href":"https:\/\/vocesparalelas.com.ar\/sitio\/wp-json\/wp\/v2\/media\/37828"}],"wp:attachment":[{"href":"https:\/\/vocesparalelas.com.ar\/sitio\/wp-json\/wp\/v2\/media?parent=37826"}],"wp:term":[{"taxonomy":"category","embeddable":true,"href":"https:\/\/vocesparalelas.com.ar\/sitio\/wp-json\/wp\/v2\/categories?post=37826"},{"taxonomy":"post_tag","embeddable":true,"href":"https:\/\/vocesparalelas.com.ar\/sitio\/wp-json\/wp\/v2\/tags?post=37826"}],"curies":[{"name":"wp","href":"https:\/\/api.w.org\/{rel}","templated":true}]}}