{"id":37816,"date":"2021-05-15T21:19:40","date_gmt":"2021-05-16T00:19:40","guid":{"rendered":"http:\/\/vocesparalelas.com.ar\/sitio\/?p=37816"},"modified":"2021-05-17T23:30:20","modified_gmt":"2021-05-18T02:30:20","slug":"elegi-bien-compra-mejorcon-productos-sin-tacc","status":"publish","type":"post","link":"https:\/\/vocesparalelas.com.ar\/sitio\/elegi-bien-compra-mejorcon-productos-sin-tacc\/","title":{"rendered":"\u00abEleg\u00ed bien, compr\u00e1 mejor\u00bbcon productos sin TACC"},"content":{"rendered":"<p>El Ministerio de Producci\u00f3n y Desarrollo Econ\u00f3mico del Gobierno de San Juan, a trav\u00e9s de la Direcci\u00f3n de Industria y Comercio dependiente de la Secretar\u00eda de Industria, Comercio y Servicios junto a representantes de casas naturistas cerraron un acuerdo de precios que estar\u00e1 vigente hasta el 31 de Mayo.<\/p>\n<p>El acuerdo de precios forma parte de un convenio, que se celebra en el marco del programa \u00abEleg\u00ed bien, compr\u00e1 mejor\u00bb y que tiene como objetivo acercar a la comunidad cel\u00edaca productos de primera calidad a precios m\u00e1s accesibles.<\/p>\n<p>Es un convenio, que incluye 5 productos Sin TACC (Trigo, Avena, Centeno y Cebada), y se ofrece a $675.<\/p>\n<p>Es importante destacar que para adquirir los combos, hay que buscar la identificaci\u00f3n \u201cEleg\u00ed bien, compra mejor\u201d en los comercios locales adheridos al programa.<\/p>\n<p><span style=\"color: #339966;\"><strong>Combo sin TACC<\/strong><\/span><\/p>\n<ul>\n<li>Pre mezcla para pan x 500 grs.<\/li>\n<li>Harina de arroz x 500 grs.<\/li>\n<li>Pre mezcla para pizza x 500 grs.<\/li>\n<li>Fideos de espinaca x 300 grs.<\/li>\n<li>Tostadas de arroz x 120 grs.<\/li>\n<\/ul>\n<p><strong>Total: $675<\/strong><\/p>\n<p><span style=\"color: #339966;\"><strong>Comercios adheridos<\/strong><\/span><\/p>\n<ul>\n<li>Los Gemelos: Aberastain y calle 11- Pocito.\u00a0Tel\u00e9fono: 264-418970..<\/li>\n<li>Herbosana: Arenales 396 norte Villa San Martin- Albard\u00f3n<\/li>\n<li>Diet\u00e9tica y Despensa del Valle: Rivadavia y Entre R\u00edos-Valle F\u00e9rtil.\u00a0Tel\u00e9fono: 264-6735769.<\/li>\n<li>Almac\u00e9n Francisco: Angel de Rojas y Mart\u00ednez L\u00f3pez B\u00ba Pati\u00f1o- Media Agua.\u00a0Tel\u00e9fono: 264-6262419.<\/li>\n<li>Tu Super Sin T.A.C.C. Avenida Alem y Cortines 513 oeste. -Capital.\u00a0Tel\u00e9fono: 264-4993539.<\/li>\n<li>Tu S\u00faper: Valent\u00edn Ruiz Sin Numero- Ullum.\u00a0Tel\u00e9fono: 264-4672896.<\/li>\n<li>El Almac\u00e9n Sin T.A.C.C. Mendoza y Boulevard -Sarmiento.\u00a0Tel\u00e9fono: 264-4165162.<\/li>\n<li>Despensa Los Abuelos: Barrio Obrero Textil manzana A Casa 5 Rawson.\u00a0Tel\u00e9fono: 264-6616180.<\/li>\n<li>Almac\u00e9n Saludable: Salvador del Carril 563- Caucete.\u00a0Tel\u00e9fono: 264-4141986.<\/li>\n<li>Drugstore Santa Lucia: Rivadavia y Aberastain \u2013 Santa Lucia.\u00a0tel\u00e9fono 4250396.<\/li>\n<li>Mini Market Wal Pa: Jos\u00e9 Dolores y Tulum Rawson.\u00a0Tel\u00e9fono 264-4424647.<\/li>\n<li>Tu Almac\u00e9n: Amable Jones 457 Sur \u2013 Santa Luc\u00eda.\u00a0Tel\u00e9fono: 264- 6722419.<\/li>\n<li>S\u00faper Olivera: Maestro Aciar y Florencia Varela Villa Villicum Albard\u00f3n.\u00a0Tel\u00e9fono: 264-4419042.<\/li>\n<\/ul>\n<p>&nbsp;<\/p>\n<p>&nbsp;<\/p>\n","protected":false},"excerpt":{"rendered":"<p>El Ministerio de Producci\u00f3n y Desarrollo Econ\u00f3mico del Gobierno de San Juan, a trav\u00e9s de la Direcci\u00f3n de Industria y<\/p>\n","protected":false},"author":3,"featured_media":37818,"comment_status":"closed","ping_status":"closed","sticky":false,"template":"","format":"standard","meta":{"_acf_changed":false,"_seopress_robots_primary_cat":"none","_seopress_titles_title":"","_seopress_titles_desc":"","_seopress_robots_index":"","colormag_page_container_layout":"default_layout","colormag_page_sidebar_layout":"default_layout","footnotes":""},"categories":[6],"tags":[],"class_list":["post-37816","post","type-post","status-publish","format-standard","has-post-thumbnail","hentry","category-eventos"],"acf":[],"_links":{"self":[{"href":"https:\/\/vocesparalelas.com.ar\/sitio\/wp-json\/wp\/v2\/posts\/37816","targetHints":{"allow":["GET"]}}],"collection":[{"href":"https:\/\/vocesparalelas.com.ar\/sitio\/wp-json\/wp\/v2\/posts"}],"about":[{"href":"https:\/\/vocesparalelas.com.ar\/sitio\/wp-json\/wp\/v2\/types\/post"}],"author":[{"embeddable":true,"href":"https:\/\/vocesparalelas.com.ar\/sitio\/wp-json\/wp\/v2\/users\/3"}],"replies":[{"embeddable":true,"href":"https:\/\/vocesparalelas.com.ar\/sitio\/wp-json\/wp\/v2\/comments?post=37816"}],"version-history":[{"count":1,"href":"https:\/\/vocesparalelas.com.ar\/sitio\/wp-json\/wp\/v2\/posts\/37816\/revisions"}],"predecessor-version":[{"id":37819,"href":"https:\/\/vocesparalelas.com.ar\/sitio\/wp-json\/wp\/v2\/posts\/37816\/revisions\/37819"}],"wp:featuredmedia":[{"embeddable":true,"href":"https:\/\/vocesparalelas.com.ar\/sitio\/wp-json\/wp\/v2\/media\/37818"}],"wp:attachment":[{"href":"https:\/\/vocesparalelas.com.ar\/sitio\/wp-json\/wp\/v2\/media?parent=37816"}],"wp:term":[{"taxonomy":"category","embeddable":true,"href":"https:\/\/vocesparalelas.com.ar\/sitio\/wp-json\/wp\/v2\/categories?post=37816"},{"taxonomy":"post_tag","embeddable":true,"href":"https:\/\/vocesparalelas.com.ar\/sitio\/wp-json\/wp\/v2\/tags?post=37816"}],"curies":[{"name":"wp","href":"https:\/\/api.w.org\/{rel}","templated":true}]}}