{"id":37810,"date":"2021-05-15T20:40:02","date_gmt":"2021-05-15T23:40:02","guid":{"rendered":"http:\/\/vocesparalelas.com.ar\/sitio\/?p=37810"},"modified":"2021-05-15T20:40:02","modified_gmt":"2021-05-15T23:40:02","slug":"continuan-las-deliberaciones-para-implementar-el-programa-nacional-de-educacion-vial-en-san-juan","status":"publish","type":"post","link":"https:\/\/vocesparalelas.com.ar\/sitio\/continuan-las-deliberaciones-para-implementar-el-programa-nacional-de-educacion-vial-en-san-juan\/","title":{"rendered":"Contin\u00faan las deliberaciones para implementar el Programa Nacional de Educaci\u00f3n Vial en San Juan"},"content":{"rendered":"<p>Autoridades del los Ministerios de Gobierno y Educaci\u00f3n del Gobierno de San Juan mantuvieron un encuentro virtual con motivo de coordinar la implementaci\u00f3n del Programa Nacional de Educacion Vial, que se lleva a cabo entre la Agencia Nacional de Seguridad Vial y el Gobierno de San Juan.<\/p>\n<p><img loading=\"lazy\" decoding=\"async\" class=\"alignnone wp-image-37814 size-full\" src=\"https:\/\/vocesparalelas.com.ar\/sitio\/wp-content\/uploads\/2021\/05\/GOBIERNO-VIAL-03.jpg\" alt=\"\" width=\"799\" height=\"533\" srcset=\"https:\/\/vocesparalelas.com.ar\/sitio\/wp-content\/uploads\/2021\/05\/GOBIERNO-VIAL-03.jpg 799w, https:\/\/vocesparalelas.com.ar\/sitio\/wp-content\/uploads\/2021\/05\/GOBIERNO-VIAL-03-300x200.jpg 300w, https:\/\/vocesparalelas.com.ar\/sitio\/wp-content\/uploads\/2021\/05\/GOBIERNO-VIAL-03-768x512.jpg 768w\" sizes=\"auto, (max-width: 799px) 100vw, 799px\" \/><\/p>\n<p>Los Equipos t\u00e9cnicos del Centro de Formaci\u00f3n en Pol\u00edticas y Gesti\u00f3n de Seguridad Vial de la ANSV, de la Direcci\u00f3n de Tr\u00e1nsito y Planeamiento de Movilidad de la Secretar\u00eda de Tr\u00e1nsito y Transporte y de la Direcci\u00f3n de Educaci\u00f3n Superior de la Secretar\u00eda de Educaci\u00f3n, han sostenido encuentros para consensuar un programa de trabajo ligado al fortalecimiento de equipos docentes en materia de Seguridad Vial.<\/p>\n<p>Esto incluye la incorporaci\u00f3n de contenidos en la etapa de formaci\u00f3n docente, la planificaci\u00f3n de ofertas de estudio de post\u00edtulo ligados a este \u00e1rea t\u00e9cnica, y la incorporaci\u00f3n de contenidos y propuestas pedag\u00f3gicas para estudiantes de los distintos niveles.<\/p>\n<p><img loading=\"lazy\" decoding=\"async\" class=\"alignnone wp-image-37813 size-full\" src=\"https:\/\/vocesparalelas.com.ar\/sitio\/wp-content\/uploads\/2021\/05\/GOBIERNO-VIAL-02.jpg\" alt=\"\" width=\"799\" height=\"533\" srcset=\"https:\/\/vocesparalelas.com.ar\/sitio\/wp-content\/uploads\/2021\/05\/GOBIERNO-VIAL-02.jpg 799w, https:\/\/vocesparalelas.com.ar\/sitio\/wp-content\/uploads\/2021\/05\/GOBIERNO-VIAL-02-300x200.jpg 300w, https:\/\/vocesparalelas.com.ar\/sitio\/wp-content\/uploads\/2021\/05\/GOBIERNO-VIAL-02-768x512.jpg 768w\" sizes=\"auto, (max-width: 799px) 100vw, 799px\" \/><\/p>\n<p>&nbsp;<\/p>\n","protected":false},"excerpt":{"rendered":"<p>Autoridades del los Ministerios de Gobierno y Educaci\u00f3n del Gobierno de San Juan mantuvieron un encuentro virtual con motivo de<\/p>\n","protected":false},"author":3,"featured_media":37812,"comment_status":"closed","ping_status":"closed","sticky":false,"template":"","format":"standard","meta":{"_acf_changed":false,"_seopress_robots_primary_cat":"none","_seopress_titles_title":"","_seopress_titles_desc":"","_seopress_robots_index":"","colormag_page_container_layout":"default_layout","colormag_page_sidebar_layout":"default_layout","footnotes":""},"categories":[1],"tags":[],"class_list":["post-37810","post","type-post","status-publish","format-standard","has-post-thumbnail","hentry","category-destacadas"],"acf":[],"_links":{"self":[{"href":"https:\/\/vocesparalelas.com.ar\/sitio\/wp-json\/wp\/v2\/posts\/37810","targetHints":{"allow":["GET"]}}],"collection":[{"href":"https:\/\/vocesparalelas.com.ar\/sitio\/wp-json\/wp\/v2\/posts"}],"about":[{"href":"https:\/\/vocesparalelas.com.ar\/sitio\/wp-json\/wp\/v2\/types\/post"}],"author":[{"embeddable":true,"href":"https:\/\/vocesparalelas.com.ar\/sitio\/wp-json\/wp\/v2\/users\/3"}],"replies":[{"embeddable":true,"href":"https:\/\/vocesparalelas.com.ar\/sitio\/wp-json\/wp\/v2\/comments?post=37810"}],"version-history":[{"count":1,"href":"https:\/\/vocesparalelas.com.ar\/sitio\/wp-json\/wp\/v2\/posts\/37810\/revisions"}],"predecessor-version":[{"id":37815,"href":"https:\/\/vocesparalelas.com.ar\/sitio\/wp-json\/wp\/v2\/posts\/37810\/revisions\/37815"}],"wp:featuredmedia":[{"embeddable":true,"href":"https:\/\/vocesparalelas.com.ar\/sitio\/wp-json\/wp\/v2\/media\/37812"}],"wp:attachment":[{"href":"https:\/\/vocesparalelas.com.ar\/sitio\/wp-json\/wp\/v2\/media?parent=37810"}],"wp:term":[{"taxonomy":"category","embeddable":true,"href":"https:\/\/vocesparalelas.com.ar\/sitio\/wp-json\/wp\/v2\/categories?post=37810"},{"taxonomy":"post_tag","embeddable":true,"href":"https:\/\/vocesparalelas.com.ar\/sitio\/wp-json\/wp\/v2\/tags?post=37810"}],"curies":[{"name":"wp","href":"https:\/\/api.w.org\/{rel}","templated":true}]}}