{"id":37806,"date":"2021-05-15T13:58:22","date_gmt":"2021-05-15T16:58:22","guid":{"rendered":"http:\/\/vocesparalelas.com.ar\/sitio\/?p=37806"},"modified":"2021-05-15T13:58:22","modified_gmt":"2021-05-15T16:58:22","slug":"dia-del-docente-universitario","status":"publish","type":"post","link":"https:\/\/vocesparalelas.com.ar\/sitio\/dia-del-docente-universitario\/","title":{"rendered":"D\u00eda del Docente Universitario"},"content":{"rendered":"<p>Hace 52 a\u00f1os, un 15 de Mayo de 1969, la Docencia de la Universidad Nacional del Nordeste se levant\u00f3 y march\u00f3 junto al movimiento estudiantil y todo el pueblo correntino en repudio al brutal asesinato de Juan Jos\u00e9 Cabral, un joven estudiante de la facultad de Medicina de 22 a\u00f1os.<\/p>\n<p>La protesta universitaria resist\u00eda el intento de privatizaci\u00f3n del comedor universitario en plena dictadura de Ongan\u00eda, y marchaban por la ciudad hacia el rectorado cuando la polic\u00eda correntina reprimi\u00f3 a balazos la movilizaci\u00f3n convocada por la Federaci\u00f3n Universitaria del Nordeste \u2013 FUNE -, ocasionando la muerte de Cabral y heridas a otros manifestantes. Lo que sigui\u00f3 fue una verdadera pueblada, el \u00abCorrentinazo\u00bb.<\/p>\n<p>En este d\u00eda, se conmemor\u00f3 el levantamiento de la docencia universitaria que par\u00f3 y sali\u00f3 a las calles contra los atropellos a la universidad p\u00fablica y justicia por Cabral.<\/p>\n<p>En el marco de los 20 a\u00f1os del nacimiento de la Federaci\u00f3n Conadu Hist\u00f3rica, cuyo Congreso fundacional se realiz\u00f3 el 12 de Mayo de 2001, en la ciudad de Santa Fe, celebr\u00f3 las conquistas colectivas y reafirm\u00f3 el compromiso de lucha por alcanzar salarios y condiciones dignas de trabajo.<\/p>\n<p>Reivindican en estos dif\u00edciles tiempos de pandemia, aquellas luchas de las y los trabajadores Docentes Universitarios por una educaci\u00f3n m\u00e1s justa, libre y soberana; por una universidad p\u00fablica, gratuita, laica, democr\u00e1tica, antipatriarcal y al servicio de las mayor\u00edas populares.<\/p>\n<p>Desde ADICUS saludan a los docentes universitarios.<\/p>\n<p>#ADICUS #ElGremioUniversitario #CONADUHist\u00f3rica #15M #D\u00edaDeLaDocenciaUniversitaria<\/p>\n<p><img loading=\"lazy\" decoding=\"async\" class=\"alignnone wp-image-15835 size-large\" src=\"https:\/\/vocesparalelas.com.ar\/sitio\/wp-content\/uploads\/2018\/10\/ADICUS-EDIFICIO-800x531.jpg\" alt=\"\" width=\"800\" height=\"531\" srcset=\"https:\/\/vocesparalelas.com.ar\/sitio\/wp-content\/uploads\/2018\/10\/ADICUS-EDIFICIO-800x531.jpg 800w, https:\/\/vocesparalelas.com.ar\/sitio\/wp-content\/uploads\/2018\/10\/ADICUS-EDIFICIO-300x199.jpg 300w, https:\/\/vocesparalelas.com.ar\/sitio\/wp-content\/uploads\/2018\/10\/ADICUS-EDIFICIO-768x510.jpg 768w, https:\/\/vocesparalelas.com.ar\/sitio\/wp-content\/uploads\/2018\/10\/ADICUS-EDIFICIO.jpg 1000w\" sizes=\"auto, (max-width: 800px) 100vw, 800px\" \/><\/p>\n","protected":false},"excerpt":{"rendered":"<p>Hace 52 a\u00f1os, un 15 de Mayo de 1969, la Docencia de la Universidad Nacional del Nordeste se levant\u00f3 y<\/p>\n","protected":false},"author":3,"featured_media":12481,"comment_status":"closed","ping_status":"closed","sticky":false,"template":"","format":"standard","meta":{"_acf_changed":false,"_seopress_robots_primary_cat":"none","_seopress_titles_title":"","_seopress_titles_desc":"","_seopress_robots_index":"","colormag_page_container_layout":"default_layout","colormag_page_sidebar_layout":"default_layout","footnotes":""},"categories":[1],"tags":[],"class_list":["post-37806","post","type-post","status-publish","format-standard","has-post-thumbnail","hentry","category-destacadas"],"acf":[],"_links":{"self":[{"href":"https:\/\/vocesparalelas.com.ar\/sitio\/wp-json\/wp\/v2\/posts\/37806","targetHints":{"allow":["GET"]}}],"collection":[{"href":"https:\/\/vocesparalelas.com.ar\/sitio\/wp-json\/wp\/v2\/posts"}],"about":[{"href":"https:\/\/vocesparalelas.com.ar\/sitio\/wp-json\/wp\/v2\/types\/post"}],"author":[{"embeddable":true,"href":"https:\/\/vocesparalelas.com.ar\/sitio\/wp-json\/wp\/v2\/users\/3"}],"replies":[{"embeddable":true,"href":"https:\/\/vocesparalelas.com.ar\/sitio\/wp-json\/wp\/v2\/comments?post=37806"}],"version-history":[{"count":1,"href":"https:\/\/vocesparalelas.com.ar\/sitio\/wp-json\/wp\/v2\/posts\/37806\/revisions"}],"predecessor-version":[{"id":37808,"href":"https:\/\/vocesparalelas.com.ar\/sitio\/wp-json\/wp\/v2\/posts\/37806\/revisions\/37808"}],"wp:featuredmedia":[{"embeddable":true,"href":"https:\/\/vocesparalelas.com.ar\/sitio\/wp-json\/wp\/v2\/media\/12481"}],"wp:attachment":[{"href":"https:\/\/vocesparalelas.com.ar\/sitio\/wp-json\/wp\/v2\/media?parent=37806"}],"wp:term":[{"taxonomy":"category","embeddable":true,"href":"https:\/\/vocesparalelas.com.ar\/sitio\/wp-json\/wp\/v2\/categories?post=37806"},{"taxonomy":"post_tag","embeddable":true,"href":"https:\/\/vocesparalelas.com.ar\/sitio\/wp-json\/wp\/v2\/tags?post=37806"}],"curies":[{"name":"wp","href":"https:\/\/api.w.org\/{rel}","templated":true}]}}