{"id":37802,"date":"2021-05-15T13:01:52","date_gmt":"2021-05-15T16:01:52","guid":{"rendered":"http:\/\/vocesparalelas.com.ar\/sitio\/?p=37802"},"modified":"2021-05-17T22:39:55","modified_gmt":"2021-05-18T01:39:55","slug":"vi-edicion-del-programa-aprender-a-emprender","status":"publish","type":"post","link":"https:\/\/vocesparalelas.com.ar\/sitio\/vi-edicion-del-programa-aprender-a-emprender\/","title":{"rendered":"VI Edici\u00f3n del programa \u201cAprender a Emprender\u201d"},"content":{"rendered":"<p>En el Teatro Sarmiento, el ministro de Educaci\u00f3n del Gobierno de San Juan, Lic. Felipe De Los R\u00edos presidi\u00f3 el acto de inicio y capacitaci\u00f3n de la VI Edici\u00f3n del programa \u201cAprender a Emprender\u201d en la que participan 109 instituciones educativas secundarias de los 19 departamentos de la provincia.<\/p>\n<p>A trav\u00e9s de la Innovaci\u00f3n Educativa se promueve el emprendedurismo, fortaleciendo habilidades del alumno para tomar decisiones, trabajar en equipo, organizaci\u00f3n, finanzas, marketing, bajo la modalidad del hacer para aprender.<\/p>\n<p>El Programa Aprender a Emprender es desarrollado bajo la articulaci\u00f3n del Ministerio de Educaci\u00f3n quien junto a la Fundaci\u00f3n Junior Achievement Argentina, forma parte de un ambicioso proyecto que promueve la generaci\u00f3n de un ecosistema basado en la Innovaci\u00f3n y el emprendedurismo.<\/p>\n<p>Tras agradecer a los presentes su participaci\u00f3n el ministro Lic. Felipe De Los R\u00edos expres\u00f3 que \u00abes grato estar aqu\u00ed compartiendo nada m\u00e1s y nada menos que un programa que crea oportunidades, una nueva visi\u00f3n que le podemos dar a los alumnos para que se produzca ese cambio que todos esperamos de la Argentina. Una Argentina productiva que se levanta. So\u00f1ado en el pasado por nuestros bisabuelos, abuelos y ahora, por nosotros que queremos ver otro pa\u00eds. Un pa\u00eds en desarrollo. La educaci\u00f3n es el motor de cambio para que esto se produzca\u201d.<\/p>\n<p><span style=\"color: #99cc00;\"><strong>Aprender a Emprender<\/strong><\/span><\/p>\n<p>Es un programa de alto impacto para alumnos que forman parte del sistema formal y no formal del sistema educativo, realizado por el Gobierno de San Juan a trav\u00e9s del Ministerio de Educaci\u00f3n, y la fundaci\u00f3n Junior Achievement Argentina, en el cual los alumnos crean, organizan y operan una empresa en el mercado real. El objetivo es que los alumnos comprendan los pasos necesarios para comenzar un emprendimiento, la importancia de tomar decisiones y las ventajas del trabajo en equipo. Que adem\u00e1s conozcan las exigencias sociales y econ\u00f3micas que les permitan desarrollar inter\u00e9s y entusiasmo no solo en el de su emprendimiento, sino en su propio futuro.<\/p>\n<p>El programa capacita en emprendedurismo en el sistema educativo formal y no formal de la provincia, de gesti\u00f3n p\u00fablica y privada formando as\u00ed, nuevos emprendedores y por esta misma raz\u00f3n, agentes de cambio y aportar herramientas para lograr un ecosistema emprendedor donde la innovaci\u00f3n sea un eje para el trabajo social.<\/p>\n<p>La misi\u00f3n es generar en cada Escuela Secundaria de San Juan una incubadora para promover una mayor interrelaci\u00f3n entre la Educaci\u00f3n y el mundo del trabajo. Se basa en la metodolog\u00eda de aprender haciendo y adem\u00e1s de las actividades \u00e1ulicas los alumnos participan de eventos extra \u00e1ulicos que mejoran y desaf\u00edan la experiencia del aprendizaje.<\/p>\n<p>Se divide en 4 etapas durante 22 semanas: 1. Organizaci\u00f3n, definici\u00f3n del organigrama, responsabilidades espec\u00edficas, elecci\u00f3n del producto, nombre y logo; 2. Desarrollo: se establecen las metas financieras, los objetivos de producci\u00f3n y venta. Se dise\u00f1a el proceso de producci\u00f3n y el plan de marketing; 3. Administraci\u00f3n: comienzan a ejecutarse los planes y asumirse los roles; 4. Cierre: en la semana n\u00famero 22 se cierra la compa\u00f1\u00eda, se presentan los informes y balances.<\/p>\n<p>Cabe recordar que en el a\u00f1o 2020 el programa Aprender a Emprender tuvo que reinventarse y adaptarse por las circunstancias globales que impuso el COVID-19 bajo el decreto de Aislamiento Social, Preventivo y Obligatorio, a trav\u00e9s de la modalidad virtual fue posible desarrollar el programa en 20 escuelas donde participaron m\u00e1s de 400 alumnos.<\/p>\n<p>&nbsp;<\/p>\n<p>&nbsp;<\/p>\n<p>&nbsp;<\/p>\n","protected":false},"excerpt":{"rendered":"<p>En el Teatro Sarmiento, el ministro de Educaci\u00f3n del Gobierno de San Juan, Lic. Felipe De Los R\u00edos presidi\u00f3 el<\/p>\n","protected":false},"author":3,"featured_media":37804,"comment_status":"closed","ping_status":"closed","sticky":false,"template":"","format":"standard","meta":{"_acf_changed":false,"_seopress_robots_primary_cat":"none","_seopress_titles_title":"","_seopress_titles_desc":"","_seopress_robots_index":"","colormag_page_container_layout":"default_layout","colormag_page_sidebar_layout":"default_layout","footnotes":""},"categories":[6],"tags":[],"class_list":["post-37802","post","type-post","status-publish","format-standard","has-post-thumbnail","hentry","category-eventos"],"acf":[],"_links":{"self":[{"href":"https:\/\/vocesparalelas.com.ar\/sitio\/wp-json\/wp\/v2\/posts\/37802","targetHints":{"allow":["GET"]}}],"collection":[{"href":"https:\/\/vocesparalelas.com.ar\/sitio\/wp-json\/wp\/v2\/posts"}],"about":[{"href":"https:\/\/vocesparalelas.com.ar\/sitio\/wp-json\/wp\/v2\/types\/post"}],"author":[{"embeddable":true,"href":"https:\/\/vocesparalelas.com.ar\/sitio\/wp-json\/wp\/v2\/users\/3"}],"replies":[{"embeddable":true,"href":"https:\/\/vocesparalelas.com.ar\/sitio\/wp-json\/wp\/v2\/comments?post=37802"}],"version-history":[{"count":1,"href":"https:\/\/vocesparalelas.com.ar\/sitio\/wp-json\/wp\/v2\/posts\/37802\/revisions"}],"predecessor-version":[{"id":37805,"href":"https:\/\/vocesparalelas.com.ar\/sitio\/wp-json\/wp\/v2\/posts\/37802\/revisions\/37805"}],"wp:featuredmedia":[{"embeddable":true,"href":"https:\/\/vocesparalelas.com.ar\/sitio\/wp-json\/wp\/v2\/media\/37804"}],"wp:attachment":[{"href":"https:\/\/vocesparalelas.com.ar\/sitio\/wp-json\/wp\/v2\/media?parent=37802"}],"wp:term":[{"taxonomy":"category","embeddable":true,"href":"https:\/\/vocesparalelas.com.ar\/sitio\/wp-json\/wp\/v2\/categories?post=37802"},{"taxonomy":"post_tag","embeddable":true,"href":"https:\/\/vocesparalelas.com.ar\/sitio\/wp-json\/wp\/v2\/tags?post=37802"}],"curies":[{"name":"wp","href":"https:\/\/api.w.org\/{rel}","templated":true}]}}