{"id":37799,"date":"2021-05-15T12:33:47","date_gmt":"2021-05-15T15:33:47","guid":{"rendered":"http:\/\/vocesparalelas.com.ar\/sitio\/?p=37799"},"modified":"2021-05-17T21:20:33","modified_gmt":"2021-05-18T00:20:33","slug":"la-2-dosis-de-sinopharm-esta-disponible-en-san-juan","status":"publish","type":"post","link":"https:\/\/vocesparalelas.com.ar\/sitio\/la-2-dosis-de-sinopharm-esta-disponible-en-san-juan\/","title":{"rendered":"La 2\u00b0 dosis de Sinopharm est\u00e1 disponible en San Juan"},"content":{"rendered":"<p>El Ministerio de Salud P\u00fablica del Gobierno de San Juan informa a trav\u00e9s del Programa Provincial de Inmunizaciones que a partir del Lunes, 17 de Mayo, las personas a las que les corresponda colocarse la segunda dosis de Sinopharm podr\u00e1 acercarse por los centros de vacunaci\u00f3n disponibles en cada uno de los departamentos, sin necesidad de esperar la asignaci\u00f3n de un turno.<\/p>\n<p><strong><span style=\"color: #ff0000;\">Es importante que las personas que deben ir a colocarse la segunda dosis de Sinopharm recuerden que:<\/span><\/strong><\/p>\n<ul>\n<li>Que si es positivo de COVID-19 debe esperar el certificado de alta<\/li>\n<li>Si es contacto estrecho de un paciente positivo debe esperar 14 d\u00edas.<\/li>\n<li>Si se coloc\u00f3 la vacuna antigripal debe esperar 14 d\u00edas.<\/li>\n<\/ul>\n<p><span style=\"color: #ff0000;\"><strong>Requisitos Obligatorios<\/strong><\/span><\/p>\n<ul>\n<li>Llevar DNI<\/li>\n<li>El Carnet de Vacunaci\u00f3n donde figura la vacuna<\/li>\n<li>Asistir sin s\u00edntomas compatibles con COVID-19<\/li>\n<li>Llevar puesto cubreboca<\/li>\n<\/ul>\n<p><span style=\"color: #ff0000;\"><strong>Centros de vacunaci\u00f3n<\/strong><\/span><\/p>\n<ol>\n<li>Albard\u00f3n: CIC La Laja.<\/li>\n<li>Angaco: Uni\u00f3n Vecinal Villa El Salvador.<\/li>\n<li>Calingasta: Uni\u00f3n Vecinal Villa Calingasta<\/li>\n<li>Barreal: Polideportivo Barreal.<\/li>\n<li>Capital: Polideportivo Escuela San Mart\u00edn<\/li>\n<li>Capital: Estadio Aldo Cantoni<\/li>\n<li>Caucete: Sal\u00f3n San Isidro.<\/li>\n<li>Chimbas: Parque de Chimbas.<\/li>\n<li>Iglesia: Polideportivo Municipal de Rodeo.<\/li>\n<li>J\u00e1chal: Teatro del Bicentenario.<\/li>\n<li>9 de Julio: Centro de Jubilados.<\/li>\n<li>Pocito: Sal\u00f3n La Posta (Mendoza entre calles 10 y 11).<\/li>\n<li>Pocito: Estadio del Bicentenario<\/li>\n<li>Rawson: Teatro Kummel.<\/li>\n<li>Rivadavia: Complejo Islas Malvinas, CUIM, Facultad de Ciencias Sociales. UNSJ<\/li>\n<li>San Mart\u00edn: Estadio Marta Orellana.<\/li>\n<li>Santa Luc\u00eda: Uni\u00f3n Vecinal Santa Luc\u00eda Centro.<\/li>\n<\/ol>\n<p>&nbsp;<\/p>\n<p>&nbsp;<\/p>\n","protected":false},"excerpt":{"rendered":"<p>El Ministerio de Salud P\u00fablica del Gobierno de San Juan informa a trav\u00e9s del Programa Provincial de Inmunizaciones que a<\/p>\n","protected":false},"author":3,"featured_media":37498,"comment_status":"closed","ping_status":"closed","sticky":false,"template":"","format":"standard","meta":{"_acf_changed":false,"_seopress_robots_primary_cat":"none","_seopress_titles_title":"","_seopress_titles_desc":"","_seopress_robots_index":"","colormag_page_container_layout":"default_layout","colormag_page_sidebar_layout":"default_layout","footnotes":""},"categories":[6],"tags":[],"class_list":["post-37799","post","type-post","status-publish","format-standard","has-post-thumbnail","hentry","category-eventos"],"acf":[],"_links":{"self":[{"href":"https:\/\/vocesparalelas.com.ar\/sitio\/wp-json\/wp\/v2\/posts\/37799","targetHints":{"allow":["GET"]}}],"collection":[{"href":"https:\/\/vocesparalelas.com.ar\/sitio\/wp-json\/wp\/v2\/posts"}],"about":[{"href":"https:\/\/vocesparalelas.com.ar\/sitio\/wp-json\/wp\/v2\/types\/post"}],"author":[{"embeddable":true,"href":"https:\/\/vocesparalelas.com.ar\/sitio\/wp-json\/wp\/v2\/users\/3"}],"replies":[{"embeddable":true,"href":"https:\/\/vocesparalelas.com.ar\/sitio\/wp-json\/wp\/v2\/comments?post=37799"}],"version-history":[{"count":1,"href":"https:\/\/vocesparalelas.com.ar\/sitio\/wp-json\/wp\/v2\/posts\/37799\/revisions"}],"predecessor-version":[{"id":37801,"href":"https:\/\/vocesparalelas.com.ar\/sitio\/wp-json\/wp\/v2\/posts\/37799\/revisions\/37801"}],"wp:featuredmedia":[{"embeddable":true,"href":"https:\/\/vocesparalelas.com.ar\/sitio\/wp-json\/wp\/v2\/media\/37498"}],"wp:attachment":[{"href":"https:\/\/vocesparalelas.com.ar\/sitio\/wp-json\/wp\/v2\/media?parent=37799"}],"wp:term":[{"taxonomy":"category","embeddable":true,"href":"https:\/\/vocesparalelas.com.ar\/sitio\/wp-json\/wp\/v2\/categories?post=37799"},{"taxonomy":"post_tag","embeddable":true,"href":"https:\/\/vocesparalelas.com.ar\/sitio\/wp-json\/wp\/v2\/tags?post=37799"}],"curies":[{"name":"wp","href":"https:\/\/api.w.org\/{rel}","templated":true}]}}