{"id":37796,"date":"2021-05-15T12:06:30","date_gmt":"2021-05-15T15:06:30","guid":{"rendered":"http:\/\/vocesparalelas.com.ar\/sitio\/?p=37796"},"modified":"2021-05-17T21:36:02","modified_gmt":"2021-05-18T00:36:02","slug":"ofrecimiento-de-cargos-del-gabinetes-tecnicos-interdisciplinarios-se-modifico","status":"publish","type":"post","link":"https:\/\/vocesparalelas.com.ar\/sitio\/ofrecimiento-de-cargos-del-gabinetes-tecnicos-interdisciplinarios-se-modifico\/","title":{"rendered":"Ofrecimiento de cargos del Gabinetes T\u00e9cnicos Interdisciplinarios se modific\u00f3"},"content":{"rendered":"<p>El Ministerio de Educaci\u00f3n del Gobierno de San Juan informa que ante numerosos pedidos de los postulantes interesados en asistir al acto p\u00fablico de ofrecimiento de cargos a interinatos y suplencias correspondientes a profesionales de Gabinetes T\u00e9cnicos Interdisciplinarios de Educaci\u00f3n en las disciplinas psic\u00f3logos y psicopedagogos, se modifica la fecha prevista para este lunes 17 y martes 18 de mayo.<\/p>\n<p>Estableciendo que el Acto de Ofrecimiento se realizar\u00e1 seg\u00fan el siguiente cronograma:<\/p>\n<ul>\n<li><span style=\"color: #808000;\"><strong>Psic\u00f3logos<\/strong><\/span>: martes 18 de mayo a las 8.30 en la Sala de Capacitaci\u00f3n, dep\u00f3sito Central del Ministerio de Educaci\u00f3n, ubicado en calle 9 de Julio 1515, este, (exCaf\u00e9 Am\u00e9rica).<\/li>\n<li><span style=\"color: #808000;\"><strong>Psicopedagogos<\/strong>:<\/span> mi\u00e9rcoles 19 de mayo a las 8.30 en la Sala de Capacitaci\u00f3n, dep\u00f3sito Central del Ministerio de Educaci\u00f3n, ubicado en calle 9 de Julio 1515, este, (exCaf\u00e9 Am\u00e9rica).<\/li>\n<\/ul>\n<p>Por consultas comunicarse en horario de 8 a 13 horas al 4305706 \u2013 4305840.<\/p>\n<p>&nbsp;<\/p>\n<p>&nbsp;<\/p>\n<p>&nbsp;<\/p>\n","protected":false},"excerpt":{"rendered":"<p>El Ministerio de Educaci\u00f3n del Gobierno de San Juan informa que ante numerosos pedidos de los postulantes interesados en asistir<\/p>\n","protected":false},"author":3,"featured_media":37706,"comment_status":"closed","ping_status":"closed","sticky":false,"template":"","format":"standard","meta":{"_acf_changed":false,"_seopress_robots_primary_cat":"none","_seopress_titles_title":"","_seopress_titles_desc":"","_seopress_robots_index":"","colormag_page_container_layout":"default_layout","colormag_page_sidebar_layout":"default_layout","footnotes":""},"categories":[5],"tags":[],"class_list":["post-37796","post","type-post","status-publish","format-standard","has-post-thumbnail","hentry","category-ofrecimientos"],"acf":[],"_links":{"self":[{"href":"https:\/\/vocesparalelas.com.ar\/sitio\/wp-json\/wp\/v2\/posts\/37796","targetHints":{"allow":["GET"]}}],"collection":[{"href":"https:\/\/vocesparalelas.com.ar\/sitio\/wp-json\/wp\/v2\/posts"}],"about":[{"href":"https:\/\/vocesparalelas.com.ar\/sitio\/wp-json\/wp\/v2\/types\/post"}],"author":[{"embeddable":true,"href":"https:\/\/vocesparalelas.com.ar\/sitio\/wp-json\/wp\/v2\/users\/3"}],"replies":[{"embeddable":true,"href":"https:\/\/vocesparalelas.com.ar\/sitio\/wp-json\/wp\/v2\/comments?post=37796"}],"version-history":[{"count":1,"href":"https:\/\/vocesparalelas.com.ar\/sitio\/wp-json\/wp\/v2\/posts\/37796\/revisions"}],"predecessor-version":[{"id":37798,"href":"https:\/\/vocesparalelas.com.ar\/sitio\/wp-json\/wp\/v2\/posts\/37796\/revisions\/37798"}],"wp:featuredmedia":[{"embeddable":true,"href":"https:\/\/vocesparalelas.com.ar\/sitio\/wp-json\/wp\/v2\/media\/37706"}],"wp:attachment":[{"href":"https:\/\/vocesparalelas.com.ar\/sitio\/wp-json\/wp\/v2\/media?parent=37796"}],"wp:term":[{"taxonomy":"category","embeddable":true,"href":"https:\/\/vocesparalelas.com.ar\/sitio\/wp-json\/wp\/v2\/categories?post=37796"},{"taxonomy":"post_tag","embeddable":true,"href":"https:\/\/vocesparalelas.com.ar\/sitio\/wp-json\/wp\/v2\/tags?post=37796"}],"curies":[{"name":"wp","href":"https:\/\/api.w.org\/{rel}","templated":true}]}}