{"id":37788,"date":"2021-05-15T00:20:43","date_gmt":"2021-05-15T03:20:43","guid":{"rendered":"http:\/\/vocesparalelas.com.ar\/sitio\/?p=37788"},"modified":"2021-05-15T00:20:43","modified_gmt":"2021-05-15T03:20:43","slug":"la-unsj-y-la-sociedad-israelita-suscribieron-un-convenio-marco","status":"publish","type":"post","link":"https:\/\/vocesparalelas.com.ar\/sitio\/la-unsj-y-la-sociedad-israelita-suscribieron-un-convenio-marco\/","title":{"rendered":"La UNSJ y la Sociedad Israelita suscribieron un convenio marco"},"content":{"rendered":"<p>El rector de la UNSJ, Dr. Oscar Nasisi y el presidente de la Sociedad Israelita de Beneficiencia, Dr. Leonardo Siere, suscribieron un convenio marco de cooperaci\u00f3n y asistencia rec\u00edproca mutua en aspectos que est\u00e9n relacionados con los objetivos de ambas instituciones.<\/p>\n<p>El convenio, que es instrumentado a trav\u00e9s de actas complementarias, debe ser refrendado por el Consejo Superior.<\/p>\n<p>En la charla previa, tanto Nasisi como Siere manifestaron su satisfacci\u00f3n por haber alcanzado el acuerdo y dialogaron sobre distintos temas que podr\u00edan concretarse en acciones futuras, tales como el aporte de Israel a la tecnolog\u00eda de riego por goteo y los estudios sobre la cultura de ese pa\u00eds.<\/p>\n<p>&nbsp;<\/p>\n<p>&nbsp;<\/p>\n","protected":false},"excerpt":{"rendered":"<p>El rector de la UNSJ, Dr. Oscar Nasisi y el presidente de la Sociedad Israelita de Beneficiencia, Dr. Leonardo Siere,<\/p>\n","protected":false},"author":3,"featured_media":37790,"comment_status":"closed","ping_status":"closed","sticky":false,"template":"","format":"standard","meta":{"_acf_changed":false,"_seopress_robots_primary_cat":"none","_seopress_titles_title":"","_seopress_titles_desc":"","_seopress_robots_index":"","colormag_page_container_layout":"default_layout","colormag_page_sidebar_layout":"default_layout","footnotes":""},"categories":[1],"tags":[],"class_list":["post-37788","post","type-post","status-publish","format-standard","has-post-thumbnail","hentry","category-destacadas"],"acf":[],"_links":{"self":[{"href":"https:\/\/vocesparalelas.com.ar\/sitio\/wp-json\/wp\/v2\/posts\/37788","targetHints":{"allow":["GET"]}}],"collection":[{"href":"https:\/\/vocesparalelas.com.ar\/sitio\/wp-json\/wp\/v2\/posts"}],"about":[{"href":"https:\/\/vocesparalelas.com.ar\/sitio\/wp-json\/wp\/v2\/types\/post"}],"author":[{"embeddable":true,"href":"https:\/\/vocesparalelas.com.ar\/sitio\/wp-json\/wp\/v2\/users\/3"}],"replies":[{"embeddable":true,"href":"https:\/\/vocesparalelas.com.ar\/sitio\/wp-json\/wp\/v2\/comments?post=37788"}],"version-history":[{"count":1,"href":"https:\/\/vocesparalelas.com.ar\/sitio\/wp-json\/wp\/v2\/posts\/37788\/revisions"}],"predecessor-version":[{"id":37791,"href":"https:\/\/vocesparalelas.com.ar\/sitio\/wp-json\/wp\/v2\/posts\/37788\/revisions\/37791"}],"wp:featuredmedia":[{"embeddable":true,"href":"https:\/\/vocesparalelas.com.ar\/sitio\/wp-json\/wp\/v2\/media\/37790"}],"wp:attachment":[{"href":"https:\/\/vocesparalelas.com.ar\/sitio\/wp-json\/wp\/v2\/media?parent=37788"}],"wp:term":[{"taxonomy":"category","embeddable":true,"href":"https:\/\/vocesparalelas.com.ar\/sitio\/wp-json\/wp\/v2\/categories?post=37788"},{"taxonomy":"post_tag","embeddable":true,"href":"https:\/\/vocesparalelas.com.ar\/sitio\/wp-json\/wp\/v2\/tags?post=37788"}],"curies":[{"name":"wp","href":"https:\/\/api.w.org\/{rel}","templated":true}]}}