{"id":37785,"date":"2021-05-15T00:12:19","date_gmt":"2021-05-15T03:12:19","guid":{"rendered":"http:\/\/vocesparalelas.com.ar\/sitio\/?p=37785"},"modified":"2021-05-15T13:59:07","modified_gmt":"2021-05-15T16:59:07","slug":"comunicado-de-la-comision-arquidiocesana-de-justicia-y-paz-del-arzobispado-de-san-juan","status":"publish","type":"post","link":"https:\/\/vocesparalelas.com.ar\/sitio\/comunicado-de-la-comision-arquidiocesana-de-justicia-y-paz-del-arzobispado-de-san-juan\/","title":{"rendered":"Comunicado de la Comisi\u00f3n Arquidiocesana de Justicia y Paz del Arzobispado de San Juan"},"content":{"rendered":"<p>La Comisi\u00f3n Arquidiocesana de Justicia y Paz del Arzobispado de San Juan manifiesta su preocupaci\u00f3n y rechazo a los actos de violencia y vandalismo sufridos en estos d\u00edas con pintadas con simbolog\u00eda nazi en el partido MST, en el frente del diario Tiempo de San Juan y Canal 13, pintadas con insultos en paredes del Frente Grande como as\u00ed tambi\u00e9n lo sucedido en placa de homenaje a Madres de Plaza de Mayo. Asimismo, manifiesta que es inaceptable cualquier descalificaci\u00f3n e insultos proferidos por diferencias ideol\u00f3gicas o partidarias.<\/p>\n<p>Adherimos a la Declaraci\u00f3n de la Mesa por los Derechos Humanos del Acuerdo San Juan de rechazo a estos hechos.<\/p>\n<p>Reafirmamos nuestro compromiso con la cultura del di\u00e1logo y la amistad social, camino reiteradamente se\u00f1alado por el Papa Francisco a trav\u00e9s del cual una sociedad puede crecer consolidando la democracia, trabajando arduamente de manera continua en la b\u00fasqueda del Bien Com\u00fan.<\/p>\n<p>&nbsp;<\/p>\n<p>&nbsp;<\/p>\n<p>&nbsp;<\/p>\n","protected":false},"excerpt":{"rendered":"<p>La Comisi\u00f3n Arquidiocesana de Justicia y Paz del Arzobispado de San Juan manifiesta su preocupaci\u00f3n y rechazo a los actos<\/p>\n","protected":false},"author":3,"featured_media":25779,"comment_status":"closed","ping_status":"closed","sticky":false,"template":"","format":"standard","meta":{"_acf_changed":false,"_seopress_robots_primary_cat":"none","_seopress_titles_title":"","_seopress_titles_desc":"","_seopress_robots_index":"","colormag_page_container_layout":"default_layout","colormag_page_sidebar_layout":"default_layout","footnotes":""},"categories":[10],"tags":[],"class_list":["post-37785","post","type-post","status-publish","format-standard","has-post-thumbnail","hentry","category-opiniones"],"acf":[],"_links":{"self":[{"href":"https:\/\/vocesparalelas.com.ar\/sitio\/wp-json\/wp\/v2\/posts\/37785","targetHints":{"allow":["GET"]}}],"collection":[{"href":"https:\/\/vocesparalelas.com.ar\/sitio\/wp-json\/wp\/v2\/posts"}],"about":[{"href":"https:\/\/vocesparalelas.com.ar\/sitio\/wp-json\/wp\/v2\/types\/post"}],"author":[{"embeddable":true,"href":"https:\/\/vocesparalelas.com.ar\/sitio\/wp-json\/wp\/v2\/users\/3"}],"replies":[{"embeddable":true,"href":"https:\/\/vocesparalelas.com.ar\/sitio\/wp-json\/wp\/v2\/comments?post=37785"}],"version-history":[{"count":1,"href":"https:\/\/vocesparalelas.com.ar\/sitio\/wp-json\/wp\/v2\/posts\/37785\/revisions"}],"predecessor-version":[{"id":37787,"href":"https:\/\/vocesparalelas.com.ar\/sitio\/wp-json\/wp\/v2\/posts\/37785\/revisions\/37787"}],"wp:featuredmedia":[{"embeddable":true,"href":"https:\/\/vocesparalelas.com.ar\/sitio\/wp-json\/wp\/v2\/media\/25779"}],"wp:attachment":[{"href":"https:\/\/vocesparalelas.com.ar\/sitio\/wp-json\/wp\/v2\/media?parent=37785"}],"wp:term":[{"taxonomy":"category","embeddable":true,"href":"https:\/\/vocesparalelas.com.ar\/sitio\/wp-json\/wp\/v2\/categories?post=37785"},{"taxonomy":"post_tag","embeddable":true,"href":"https:\/\/vocesparalelas.com.ar\/sitio\/wp-json\/wp\/v2\/tags?post=37785"}],"curies":[{"name":"wp","href":"https:\/\/api.w.org\/{rel}","templated":true}]}}