{"id":37769,"date":"2021-05-14T21:49:43","date_gmt":"2021-05-15T00:49:43","guid":{"rendered":"http:\/\/vocesparalelas.com.ar\/sitio\/?p=37769"},"modified":"2021-05-15T13:28:38","modified_gmt":"2021-05-15T16:28:38","slug":"sumate-al-compromiso-ciudadano-para-cuidarte-y-cuidarnos","status":"publish","type":"post","link":"https:\/\/vocesparalelas.com.ar\/sitio\/sumate-al-compromiso-ciudadano-para-cuidarte-y-cuidarnos\/","title":{"rendered":"Sumate al compromiso ciudadano para cuidarte y cuidarnos"},"content":{"rendered":"<div dir=\"auto\">El Gobierno de San Juan, a trav\u00e9s del Comit\u00e9 COVID-19, atento al cumplimiento y el respeto de las medidas sanitarias vigentes, solicita a la poblaci\u00f3n evitar la realizaci\u00f3n de festejos multitudinarios el Domingo, 16 de Mayo, tras la finalizaci\u00f3n del Supercl\u00e1sico.<\/div>\n<div dir=\"auto\"><\/div>\n<div dir=\"auto\">Asimismo, se informa que la Polic\u00eda de San Juan refuerza los operativos de prevenci\u00f3n con el objetivo de evitar aglomeraciones.<\/div>\n<div dir=\"auto\"><\/div>\n<div dir=\"auto\">Por ello, sumate al compromiso ciudadano para cuidarte y cuidarnos. En alg\u00fan momento la pandemia desaparecer\u00e1 y tendremos grandes oportunidades de festejar, reunirnos, andar por la vida tan bella.<\/div>\n<div dir=\"auto\"><\/div>\n<div dir=\"auto\"><\/div>\n<div dir=\"auto\"><\/div>\n","protected":false},"excerpt":{"rendered":"<p>El Gobierno de San Juan, a trav\u00e9s del Comit\u00e9 COVID-19, atento al cumplimiento y el respeto de las medidas sanitarias<\/p>\n","protected":false},"author":3,"featured_media":37771,"comment_status":"closed","ping_status":"closed","sticky":false,"template":"","format":"standard","meta":{"_acf_changed":false,"_seopress_robots_primary_cat":"none","_seopress_titles_title":"","_seopress_titles_desc":"","_seopress_robots_index":"","colormag_page_container_layout":"default_layout","colormag_page_sidebar_layout":"default_layout","footnotes":""},"categories":[6],"tags":[],"class_list":["post-37769","post","type-post","status-publish","format-standard","has-post-thumbnail","hentry","category-eventos"],"acf":[],"_links":{"self":[{"href":"https:\/\/vocesparalelas.com.ar\/sitio\/wp-json\/wp\/v2\/posts\/37769","targetHints":{"allow":["GET"]}}],"collection":[{"href":"https:\/\/vocesparalelas.com.ar\/sitio\/wp-json\/wp\/v2\/posts"}],"about":[{"href":"https:\/\/vocesparalelas.com.ar\/sitio\/wp-json\/wp\/v2\/types\/post"}],"author":[{"embeddable":true,"href":"https:\/\/vocesparalelas.com.ar\/sitio\/wp-json\/wp\/v2\/users\/3"}],"replies":[{"embeddable":true,"href":"https:\/\/vocesparalelas.com.ar\/sitio\/wp-json\/wp\/v2\/comments?post=37769"}],"version-history":[{"count":1,"href":"https:\/\/vocesparalelas.com.ar\/sitio\/wp-json\/wp\/v2\/posts\/37769\/revisions"}],"predecessor-version":[{"id":37772,"href":"https:\/\/vocesparalelas.com.ar\/sitio\/wp-json\/wp\/v2\/posts\/37769\/revisions\/37772"}],"wp:featuredmedia":[{"embeddable":true,"href":"https:\/\/vocesparalelas.com.ar\/sitio\/wp-json\/wp\/v2\/media\/37771"}],"wp:attachment":[{"href":"https:\/\/vocesparalelas.com.ar\/sitio\/wp-json\/wp\/v2\/media?parent=37769"}],"wp:term":[{"taxonomy":"category","embeddable":true,"href":"https:\/\/vocesparalelas.com.ar\/sitio\/wp-json\/wp\/v2\/categories?post=37769"},{"taxonomy":"post_tag","embeddable":true,"href":"https:\/\/vocesparalelas.com.ar\/sitio\/wp-json\/wp\/v2\/tags?post=37769"}],"curies":[{"name":"wp","href":"https:\/\/api.w.org\/{rel}","templated":true}]}}