{"id":37761,"date":"2021-05-14T21:20:18","date_gmt":"2021-05-15T00:20:18","guid":{"rendered":"http:\/\/vocesparalelas.com.ar\/sitio\/?p=37761"},"modified":"2021-05-14T21:39:07","modified_gmt":"2021-05-15T00:39:07","slug":"firmaron-convenios-y-entregaron-maquinaria-por-mas-de-150-millones-de-pesos-en-san-juan","status":"publish","type":"post","link":"https:\/\/vocesparalelas.com.ar\/sitio\/firmaron-convenios-y-entregaron-maquinaria-por-mas-de-150-millones-de-pesos-en-san-juan\/","title":{"rendered":"Firmaron convenios y entregaron maquinaria por m\u00e1s de 150 millones de pesos en San Juan"},"content":{"rendered":"<p>Durante la jornada del viernes, el ministro de Agricultura, Ganader\u00eda y Pesca de la Naci\u00f3n, Luis Basterra, visit\u00f3 la provincia de San Juan para junto al gobernador Sergio U\u00f1ac, hacer entrega de maquinaria agr\u00edcola contemplada en diversos programas de \u00edndole nacional y provincial, como tambi\u00e9n firmar convenios como los de implementaci\u00f3n de medidas de apoyo a la emergencia en el marco de la Ley 26.509 por unos $150 millones de pesos.<\/p>\n<p>En ese marco, el gobernador y el ministro llevaron adelante la entrega de maquinaria a trav\u00e9s del Programa de prevenci\u00f3n de eventos clim\u00e1ticos adversos y fortalecimiento de las actividades agr\u00edcolas y ganaderas de las econom\u00edas familiares. Adem\u00e1s, de maquinaria del Programa de Servicios Agr\u00edcolas Provinciales (PROSAP) financiado con fondos del pr\u00e9stamo BID y fondos del tesoro provincial. Los beneficiados fueron los municipios de J\u00e1chal, Iglesia, Calingasta y Valle F\u00e9rtil.<\/p>\n<p><img loading=\"lazy\" decoding=\"async\" class=\"alignnone wp-image-37763 size-full\" src=\"https:\/\/vocesparalelas.com.ar\/sitio\/wp-content\/uploads\/2021\/05\/NACION-GAMADERIA-02.jpg\" alt=\"\" width=\"800\" height=\"528\" srcset=\"https:\/\/vocesparalelas.com.ar\/sitio\/wp-content\/uploads\/2021\/05\/NACION-GAMADERIA-02.jpg 800w, https:\/\/vocesparalelas.com.ar\/sitio\/wp-content\/uploads\/2021\/05\/NACION-GAMADERIA-02-300x198.jpg 300w, https:\/\/vocesparalelas.com.ar\/sitio\/wp-content\/uploads\/2021\/05\/NACION-GAMADERIA-02-768x507.jpg 768w\" sizes=\"auto, (max-width: 800px) 100vw, 800px\" \/><\/p>\n<p>Tambi\u00e9n se concret\u00f3 la r\u00fabrica para la mejora del Sistema del Canal Benav\u00eddez- Gral. 9 de Julio que cruza los departamentos de Rivadavia, Chimbas, Santa Luc\u00eda y 9 de Julio, con el fin de rehabilitar el sistema de riego y drenajes de dicha \u00e1rea de riego, mediante la realizaci\u00f3n de obras de infraestructura y servicios, en el marco del Programa de Servicios Agr\u00edcolas Provinciales (PROSAP IV), financiado con fondos del pr\u00e9stamo BID y con fondos del tesoro provincial.<\/p>\n<p>Durante el acto, U\u00f1ac valor\u00f3 la tarea de los intendentes sanjuaninos al decir que \u201cse involucran con la matriz econ\u00f3mica y productiva para la generaci\u00f3n de empleos de sus comunidades y eso tiene un valor trascendente\u201d.<\/p>\n<p>Seguidamente, hizo lo propio con los representantes de c\u00e1maras, federaciones y asociaciones de la actividad econ\u00f3mica. Explic\u00f3 que \u00abson socios estrat\u00e9gicos de esta gesti\u00f3n. Sin ellos no ser\u00eda posible pensar en fortalecer la econom\u00eda. El di\u00e1logo es fundamental. No hace falta que pensemos igual, hace falta que tengamos objetivos id\u00e9nticos y nos pongamos a trabajar para que aun en las diferencias podamos encontrar un camino com\u00fan que nos permita cumplir con esos objetivos estrat\u00e9gicos\u201d.<\/p>\n<p>Luego, el gobernador sanjuanino hizo foco en el trabajo conjunto entre la Provincia y Naci\u00f3n, indicando que \u00abeste tipo de actos, con la presencia de ministros nacionales fortalecen el federalismo\u00bb.<\/p>\n<p>U\u00f1ac continu\u00f3 su alocuci\u00f3n indicando que los convenios firmados generar\u00e1n soluciones para la sociedad y explic\u00f3 que San Juan entendi\u00f3 que deb\u00eda sumar actividades a las preexistentes para generar m\u00e1s y mejor trabajo.<\/p>\n<p>\u201cEn San Juan pensamos que debemos trabajar codo a codo para fortalecer, desarrollar, promover y hacer crecer el sector agr\u00edcola sanjuanino y por eso la alianza estrat\u00e9gica con el Gobierno nacional es sumamente necesaria.Necesitamos de esa mirada federal para poder cumplir con los sue\u00f1os de los sanjuaninos\u201d, analiz\u00f3 el gobernador.<\/p>\n<p>Por su parte, el ministro Basterra asegur\u00f3 que las responsabilidades que asumieron en San Juan contribuyen a la visi\u00f3n de desarrollo federal que tiene el presidente y su cartera ministerial. Destac\u00f3 tambi\u00e9n el trabajo en conjunto y asegur\u00f3 que \u201cla ayuda continuar\u00e1 llegando a otros municipios\u00bb.<\/p>\n<p>\u00abAnte la declaraci\u00f3n de la emergencia agropecuaria, firmamos un convenio por $ 40 millones, lo que es un aporte importante sumado a otros, lo que nos llena de satisfacci\u00f3n porque sabemos que es el dinero mejor invertido, ya que estamos\u00a0revalorizando el trabajo, la producci\u00f3n y el agregado de valor local, que cierra el circuito de las Econom\u00edas 4. 0\u00bb, a\u00f1adi\u00f3 el ministro.<\/p>\n<p>Para finalizar, puso en alza el trabajo del Gobierno de San Juan al se\u00f1alar que \u201cel Estado en su rol de defensa de sus ciudadanos, con la responsabilidad que le deleg\u00f3 la ciudadan\u00eda, se cumple notablemente en San Juan\u201d.<\/p>\n<p>A su turno, D\u00edaz Cano, explic\u00f3 los tres programas que lanzaron denominados: fondos rotatorios, mejora gen\u00e9tica y el programa de mejora en Infraestructura de Establecimientos Pecuarios y Ganaderos y realiz\u00f3 un raconto de los trabajos de manera conjunta con la cartera nacional.<\/p>\n<p>Finalmente agradeci\u00f3 el apoyo brindado por Naci\u00f3n al decir que \u201cbuscamos que el trabajo en conjunto genere acciones que beneficien a todo el sector productivo\u201d.<\/p>\n<p>Posteriormente, el ministro Basterra y el gobernador U\u00f1ac recorrieron las instalaciones de la Planta de Faena y Frigor\u00edfico Provincial, inaugurada en 2019 y el Centro de Vacunaci\u00f3n contra el COVID-19 ubicado en el Polideportivo de la Escuela San Mart\u00edn.<\/p>\n<p>Acompa\u00f1aron durante las actividades, el senador nacional Rub\u00e9n U\u00f1ac; el secretario de Alimentos, Bioeconom\u00eda y Desarrollo Regional, Marcelo Alos; el secretario de Agricultura, Ganader\u00eda y Pesca, Jorge Solmi; intendentes municipales de Valle F\u00e9rtil, Omar Ortiz; de J\u00e1chal, Miguel Vega; de Iglesia, Jorge Espejo; de Calingasta, Jorge Casta\u00f1eda; el ministro de Producci\u00f3n y Desarrollo Econ\u00f3mico, Andr\u00e9s D\u00edaz Cano; la ministra de Turismo y Cultura, Claudia Grynzspan; el secretario de Pol\u00edtica Econ\u00f3mica, Alejandro Moreno; el secretario de Agricultura, Ganader\u00eda y Agroindustria, Marcelo Balderramo; el secretario de Industria, Comercio y Servicios, Alejandro Mestre; el presidente del INV, Mart\u00edn Hinojosa; el director del Centro Regional Mendoza-San Juan INTA, Claudio Galmarini; el director Regional de SENASA, Sergio Rossi; entre otras autoridades.<\/p>\n<p><strong><span style=\"color: #339966;\">Sobre la Planta de Faena<\/span><\/strong><\/p>\n<p>La Planta de Faena y Frigor\u00edfico Provincial, ubicada en Rawson e inaugurada en 2019, se proyect\u00f3 seg\u00fan la Ley Federal de Carnes N\u00b0 22.375 en categorizaci\u00f3n de frigor\u00edfico tipo \u201cA\u201d y tuvo una inversi\u00f3n de m\u00e1s de $180 millones.<\/p>\n<p>Tiene una capacidad de faena proyectada de 151 vacunos, 301 porcinos y 301 caprinos-ovinos por turno (8 horas). Tiene como funci\u00f3n principal la l\u00ednea de desarmado de los ganados bovino, porcino y caprino desde su llegada hasta la salida de los productos y subproductos c\u00e1rnicos (media res, juego de menudencias, cuero, tripas, grasa, etc). Las edificaciones necesarias fueron ordenadas en secuencias l\u00f3gicas para el funcionamiento de dichas actividades.<\/p>\n<p>Se invirtieron $165 millones: la mitad de la inversi\u00f3n se destin\u00f3 a la obra civil y la otra mitad al equipamiento<\/p>\n<p><img loading=\"lazy\" decoding=\"async\" class=\"alignnone wp-image-37764 size-full\" src=\"https:\/\/vocesparalelas.com.ar\/sitio\/wp-content\/uploads\/2021\/05\/NACION-GANADERIA-01.jpg\" alt=\"\" width=\"800\" height=\"534\" srcset=\"https:\/\/vocesparalelas.com.ar\/sitio\/wp-content\/uploads\/2021\/05\/NACION-GANADERIA-01.jpg 800w, https:\/\/vocesparalelas.com.ar\/sitio\/wp-content\/uploads\/2021\/05\/NACION-GANADERIA-01-300x200.jpg 300w, https:\/\/vocesparalelas.com.ar\/sitio\/wp-content\/uploads\/2021\/05\/NACION-GANADERIA-01-768x513.jpg 768w\" sizes=\"auto, (max-width: 800px) 100vw, 800px\" \/><\/p>\n<p><strong><span style=\"color: #339966;\">Las r\u00fabricas en detalle<\/span><\/strong><\/p>\n<p>Durante el acto se llev\u00f3 a cabo la firma de dos convenios. El primero entre la Provincia y el Instituto Nacional de Vitivinicultura para potenciar la Ruta del Vino y el desarrollo y promoci\u00f3n del sistema de designaci\u00f3n de origen de los vinos y de las bebidas espirituosas de naturaleza v\u00ednica como factor de calidad, para lograr de esta forma aportar al desarrollo tur\u00edstico y econ\u00f3mico local y nacional.<\/p>\n<p>Tambi\u00e9n, a trav\u00e9s de la firma del convenio para para implementar medidas de apoyo a la emergencia en el marco de la Ley 26509, el Ministerio de Agricultura, Ganader\u00eda y Pesca de la Naci\u00f3n destinar\u00e1 m\u00e1s de $45 millones de pesos que servir\u00e1n para fortalecer la capacidad productiva de los agricultores familiares.<\/p>\n<p>En la ocasi\u00f3n, se presentaron los programas del Plan ganadero: Fondo rotatorio para el desarrollo del sector ganadero; Programa de Mejora Gen\u00e9tica y Sanidad reproductiva de los rodeos pecuarios de la provincia de San Juan; y el Programa de Mejora en Infraestructura B\u00e1sica de los Establecimientos Pecuarios\/Ganaderos de la provincia.<\/p>\n<p>Finalmente, se firm\u00f3 el Acta Acuerdo para la implementaci\u00f3n de las buenas pr\u00e1cticas frutihort\u00edcolas obligatorias y entregaron una resoluci\u00f3n de Sellos \u201cAlimentos Argentinos una elecci\u00f3n Natural\u201d a las empresas Enav Sociedad An\u00f3nima y Mosto Mat Sociedad An\u00f3nima.<\/p>\n<p><strong><span style=\"color: #339966;\">Fondo rotarorio para el desarrollo del sector ganadero<\/span><\/strong><\/p>\n<p>Tiene por objetivo promover el acceso al cr\u00e9dito de los productores ganaderos de la provincia, que permita la mejora de la competitividad, de la integraci\u00f3n, del capital de trabajo y del agregado de valor de la actividad. Se trata de un cr\u00e9dito tasa 9,9% destinado a peque\u00f1os y medianos productores que desarrollen actividades vinculadas a la cadena ganadera.<\/p>\n<p>El Ministerio de Producci\u00f3n y Desarrollo Econ\u00f3mico financia hasta $800.000 por proyecto con un plazo de 36 (treinta y seis) meses para su devoluci\u00f3n, incluido el plazo de gracia de 6 meses.<\/p>\n<p>Mediante este cr\u00e9dito se podr\u00e1 financiar la compra de insumos para la implantaci\u00f3n de forrajes y granos con destino a la alimentaci\u00f3n animal (alfalfa, ma\u00edz, sorgo, avena, etc.), adquisici\u00f3n de m\u00e1quinas o equipos vinculados a la actividad de siembra y cosecha de forrajes y granos con destino a la alimentaci\u00f3n animal, adquisici\u00f3n de infraestructura: corral, manga, brete, cepo, tranqueras, silos para almacenamiento de cereales o forrajes, etc. y compra de animales.<\/p>\n<p><img loading=\"lazy\" decoding=\"async\" class=\"alignnone wp-image-37765 size-full\" src=\"https:\/\/vocesparalelas.com.ar\/sitio\/wp-content\/uploads\/2021\/05\/NACION-GANADERIA-04.jpg\" alt=\"\" width=\"800\" height=\"463\" srcset=\"https:\/\/vocesparalelas.com.ar\/sitio\/wp-content\/uploads\/2021\/05\/NACION-GANADERIA-04.jpg 800w, https:\/\/vocesparalelas.com.ar\/sitio\/wp-content\/uploads\/2021\/05\/NACION-GANADERIA-04-300x174.jpg 300w, https:\/\/vocesparalelas.com.ar\/sitio\/wp-content\/uploads\/2021\/05\/NACION-GANADERIA-04-768x444.jpg 768w\" sizes=\"auto, (max-width: 800px) 100vw, 800px\" \/><\/p>\n<p><strong><span style=\"color: #339966;\">Programa de mejora gen\u00e9tica y sanidad reproductiva de los rodeos pecuarios de la provincia<\/span><\/strong><\/p>\n<p>Este programa tiene por objetivo contribuir a la mejora gen\u00e9tica y reproductiva de los rodeos bovino, caprino, ovino y porcino de San Juan. Est\u00e1 dirigido a peque\u00f1os productores ganaderos que posean entre 20 y 150 vientres bovinos; entre 5 y 20 cerdas madres; rodeos caprinos y ovinos no mayores a 30 vientres.<br \/>\nEl beneficio se materializa en la entrega de un reproductor macho de la especie elegida o de los insumos para realizar una mejora en la calidad gen\u00e9tica de los rodeos pecuarios.<\/p>\n<p>De esta forma ser\u00e1 posible mejorar los \u00edndices de pre\u00f1ez y destete; aumentar la calidad gen\u00e9tica de las cr\u00edas, aumentar la oferta de terneros, para los sistemas de recr\u00eda, engorde y lecher\u00eda que hoy se est\u00e1n desarrollando en San Juan y que actualmente se proveen de otras provincias, y aumentar la oferta de cr\u00edas porcinas, caprinas y ovinas en atenci\u00f3n a la demanda insatisfecha que la provincia tiene de carnes de las especies mencionadas.<\/p>\n<p><strong><span style=\"color: #339966;\">Programa de mejora en infraestructura b\u00e1sica de los establecimientos pecuarios\/ganaderos de la provincia<\/span><\/strong><\/p>\n<p>Est\u00e1 destinado a financiar insumos para infraestructura b\u00e1sica, para establecimientos de producci\u00f3n pecuaria de las diferentes especies: bovino, caprino, cerdos, ovinos, etc.<\/p>\n<p>Se puede solicitar por un monto m\u00e1ximo de $320.000 que se otorgan en 4 etapas de $80.000 cada una. Est\u00e1 destinado a peque\u00f1os y medianos productores de la provincia de San Juan con tradici\u00f3n en actividades agropecuarias, que dispongan de establecimientos pecuarios.<\/p>\n<p>Servir\u00e1 para la compra de alambre para la construcci\u00f3n corrales, para la compra de equipamiento b\u00e1sico como: mangas, bretes, cepos, balanzas, etc; para la adquisici\u00f3n de materiales necesarios, como por ejemplo sistemas de provisi\u00f3n de agua (mangueras, bebederos, bombas de extracci\u00f3n, paneles solares, etc.), corrales (postes, columnas, chapas, alambre, etc.); y para la implantaci\u00f3n y compra de semillas para sistemas bajo riego o de monte natural y suplementaci\u00f3n estrat\u00e9gica de animales, sobre todo a las cr\u00edas.<\/p>\n<p><img loading=\"lazy\" decoding=\"async\" class=\"alignnone wp-image-37767 size-full\" src=\"https:\/\/vocesparalelas.com.ar\/sitio\/wp-content\/uploads\/2021\/05\/NACION-GANADERIA-07.jpg\" alt=\"\" width=\"800\" height=\"509\" srcset=\"https:\/\/vocesparalelas.com.ar\/sitio\/wp-content\/uploads\/2021\/05\/NACION-GANADERIA-07.jpg 800w, https:\/\/vocesparalelas.com.ar\/sitio\/wp-content\/uploads\/2021\/05\/NACION-GANADERIA-07-300x191.jpg 300w, https:\/\/vocesparalelas.com.ar\/sitio\/wp-content\/uploads\/2021\/05\/NACION-GANADERIA-07-768x489.jpg 768w\" sizes=\"auto, (max-width: 800px) 100vw, 800px\" \/><\/p>\n<p>&nbsp;<\/p>\n<p>&nbsp;<\/p>\n<p>&nbsp;<\/p>\n","protected":false},"excerpt":{"rendered":"<p>Durante la jornada del viernes, el ministro de Agricultura, Ganader\u00eda y Pesca de la Naci\u00f3n, Luis Basterra, visit\u00f3 la provincia<\/p>\n","protected":false},"author":3,"featured_media":37766,"comment_status":"closed","ping_status":"closed","sticky":false,"template":"","format":"standard","meta":{"_acf_changed":false,"_seopress_robots_primary_cat":"none","_seopress_titles_title":"","_seopress_titles_desc":"","_seopress_robots_index":"","colormag_page_container_layout":"default_layout","colormag_page_sidebar_layout":"default_layout","footnotes":""},"categories":[1],"tags":[],"class_list":["post-37761","post","type-post","status-publish","format-standard","has-post-thumbnail","hentry","category-destacadas"],"acf":[],"_links":{"self":[{"href":"https:\/\/vocesparalelas.com.ar\/sitio\/wp-json\/wp\/v2\/posts\/37761","targetHints":{"allow":["GET"]}}],"collection":[{"href":"https:\/\/vocesparalelas.com.ar\/sitio\/wp-json\/wp\/v2\/posts"}],"about":[{"href":"https:\/\/vocesparalelas.com.ar\/sitio\/wp-json\/wp\/v2\/types\/post"}],"author":[{"embeddable":true,"href":"https:\/\/vocesparalelas.com.ar\/sitio\/wp-json\/wp\/v2\/users\/3"}],"replies":[{"embeddable":true,"href":"https:\/\/vocesparalelas.com.ar\/sitio\/wp-json\/wp\/v2\/comments?post=37761"}],"version-history":[{"count":1,"href":"https:\/\/vocesparalelas.com.ar\/sitio\/wp-json\/wp\/v2\/posts\/37761\/revisions"}],"predecessor-version":[{"id":37768,"href":"https:\/\/vocesparalelas.com.ar\/sitio\/wp-json\/wp\/v2\/posts\/37761\/revisions\/37768"}],"wp:featuredmedia":[{"embeddable":true,"href":"https:\/\/vocesparalelas.com.ar\/sitio\/wp-json\/wp\/v2\/media\/37766"}],"wp:attachment":[{"href":"https:\/\/vocesparalelas.com.ar\/sitio\/wp-json\/wp\/v2\/media?parent=37761"}],"wp:term":[{"taxonomy":"category","embeddable":true,"href":"https:\/\/vocesparalelas.com.ar\/sitio\/wp-json\/wp\/v2\/categories?post=37761"},{"taxonomy":"post_tag","embeddable":true,"href":"https:\/\/vocesparalelas.com.ar\/sitio\/wp-json\/wp\/v2\/tags?post=37761"}],"curies":[{"name":"wp","href":"https:\/\/api.w.org\/{rel}","templated":true}]}}