{"id":37755,"date":"2021-05-14T00:30:59","date_gmt":"2021-05-14T03:30:59","guid":{"rendered":"http:\/\/vocesparalelas.com.ar\/sitio\/?p=37755"},"modified":"2021-05-14T00:30:59","modified_gmt":"2021-05-14T03:30:59","slug":"capacitan-sobre-turismo-y-cultura-de-san-juan-a-los-agentes-de-seguridad","status":"publish","type":"post","link":"https:\/\/vocesparalelas.com.ar\/sitio\/capacitan-sobre-turismo-y-cultura-de-san-juan-a-los-agentes-de-seguridad\/","title":{"rendered":"Capacitan sobre turismo y cultura de San Juan a los Agentes de Seguridad"},"content":{"rendered":"<p>Tras la firma de un convenio de colaboraci\u00f3n entre el Ministerio de Turismo y Cultura y la Secretar\u00eda de Estado de Seguridad y Orden P\u00fablico, se iniciar\u00e1 un ciclo de capacitaci\u00f3n en materia tur\u00edstica y cultural destinado para los agentes de la fuerza Polic\u00eda de San Juan.<\/p>\n<p>Dicho espacio de formaci\u00f3n tiene como objetivo la preparaci\u00f3n especial de miembros de las fuerzas de seguridad para la relaci\u00f3n con los turistas y su orientaci\u00f3n, conocimientos b\u00e1sicos de los lugares tur\u00edsticos de inter\u00e9s, la esencia cultural en diversos territorios tur\u00edsticos y su patrimonio material e inmaterial.<\/p>\n<p>\u201cPara poder realmente orientar, es fundamental conocer. Por eso, esta capacitaci\u00f3n es muy importante porque los agentes van a orientar y adem\u00e1s transmitir valores sobre el patrimonio tur\u00edstico y cultural de la provincia e incentivar a los visitantes para su cuidado\u201d, dijo la ministra de Turismo y Cultura, Claudia Grynszpan.<\/p>\n<p>A partir de estas capacitaciones, se busca de forma eficiente que los agentes intervinientes logren tener un primer acercamiento y\/o contacto con turistas donde es prioritario que faciliten informaci\u00f3n tur\u00edstica y cultural en lugares donde circulan, poniendo en valor tambi\u00e9n el patrimonio local.<\/p>\n<p>El secretario de Estado de Seguridad y Orden P\u00fablico, Carlos Munisaga, explic\u00f3 que con este curso \u201cvamos dando base a esa idea que tenemos junto al Jefe de Polic\u00eda de instrumentar la Polic\u00eda Tur\u00edstica\u201d y agreg\u00f3 que a partir de esta capacitaci\u00f3n \u201ctendremos agentes de nuestra polic\u00eda como anfitriones tur\u00edsticos, preparados para orientar al sanjuanino y al turista sobre nuestros atractivos recursos naturales y culturales\u201d. Asegur\u00f3 que se continuar\u00e1 trabajando en conjunto con el Ministerio de Turismo y Cultura con el objetivo de apuntalar la seguridad en sentido amplio y a la pol\u00edtica de turismo de la provincia.<\/p>\n<p>Por su parte, el Jefe de Polic\u00eda, Crio. Gral. Luis Mart\u00ednez, agradeci\u00f3 a las autoridades por instrumentar todo lo necesario para llevar a cabo la capacitaci\u00f3n ya que \u201cdesde hace tiempo, la Polic\u00eda de San Juan necesita ser capacitado en turismo y cultura\u201d. Asimismo, explic\u00f3 que los primeros agentes en ser capacitados ser\u00e1n los integrantes del Comando Urbano, Brigada Femenina y la Unidad Cicl\u00edstica. Para finalizar, augur\u00f3 la continuidad de estas capacitaciones para todos los agentes de la Polic\u00eda de San Juan.<\/p>\n<p>El dictado del curso est\u00e1 planificado en siete m\u00f3dulos te\u00f3ricos pr\u00e1cticos bajo la modalidad presencial, adem\u00e1s habr\u00e1 una instancia evaluativa y un circuito experimental para los que hayan aprobado.<\/p>\n<p>Este ciclo comenzar\u00e1 el 11 de mayo y se desarrollar\u00e1 todos los martes en el Museo Franklin Rawson y jueves en la Escuela de Polic\u00eda, en horario de 15 a 17.<\/p>\n<p>Por \u00faltimo, los participantes recibir\u00e1n una selecci\u00f3n de documentos y material escrito para complementar cada m\u00f3dulo. Tras la aprobaci\u00f3n final, cada uno de ellos obtendr\u00e1 un certificado con resoluci\u00f3n ministerial.<\/p>\n<p>&nbsp;<\/p>\n<p>&nbsp;<\/p>\n","protected":false},"excerpt":{"rendered":"<p>Tras la firma de un convenio de colaboraci\u00f3n entre el Ministerio de Turismo y Cultura y la Secretar\u00eda de Estado<\/p>\n","protected":false},"author":3,"featured_media":37757,"comment_status":"closed","ping_status":"closed","sticky":false,"template":"","format":"standard","meta":{"_acf_changed":false,"_seopress_robots_primary_cat":"none","_seopress_titles_title":"","_seopress_titles_desc":"","_seopress_robots_index":"","colormag_page_container_layout":"default_layout","colormag_page_sidebar_layout":"default_layout","footnotes":""},"categories":[1],"tags":[],"class_list":["post-37755","post","type-post","status-publish","format-standard","has-post-thumbnail","hentry","category-destacadas"],"acf":[],"_links":{"self":[{"href":"https:\/\/vocesparalelas.com.ar\/sitio\/wp-json\/wp\/v2\/posts\/37755","targetHints":{"allow":["GET"]}}],"collection":[{"href":"https:\/\/vocesparalelas.com.ar\/sitio\/wp-json\/wp\/v2\/posts"}],"about":[{"href":"https:\/\/vocesparalelas.com.ar\/sitio\/wp-json\/wp\/v2\/types\/post"}],"author":[{"embeddable":true,"href":"https:\/\/vocesparalelas.com.ar\/sitio\/wp-json\/wp\/v2\/users\/3"}],"replies":[{"embeddable":true,"href":"https:\/\/vocesparalelas.com.ar\/sitio\/wp-json\/wp\/v2\/comments?post=37755"}],"version-history":[{"count":1,"href":"https:\/\/vocesparalelas.com.ar\/sitio\/wp-json\/wp\/v2\/posts\/37755\/revisions"}],"predecessor-version":[{"id":37758,"href":"https:\/\/vocesparalelas.com.ar\/sitio\/wp-json\/wp\/v2\/posts\/37755\/revisions\/37758"}],"wp:featuredmedia":[{"embeddable":true,"href":"https:\/\/vocesparalelas.com.ar\/sitio\/wp-json\/wp\/v2\/media\/37757"}],"wp:attachment":[{"href":"https:\/\/vocesparalelas.com.ar\/sitio\/wp-json\/wp\/v2\/media?parent=37755"}],"wp:term":[{"taxonomy":"category","embeddable":true,"href":"https:\/\/vocesparalelas.com.ar\/sitio\/wp-json\/wp\/v2\/categories?post=37755"},{"taxonomy":"post_tag","embeddable":true,"href":"https:\/\/vocesparalelas.com.ar\/sitio\/wp-json\/wp\/v2\/tags?post=37755"}],"curies":[{"name":"wp","href":"https:\/\/api.w.org\/{rel}","templated":true}]}}