{"id":37751,"date":"2021-05-13T23:49:57","date_gmt":"2021-05-14T02:49:57","guid":{"rendered":"http:\/\/vocesparalelas.com.ar\/sitio\/?p=37751"},"modified":"2021-05-13T23:49:57","modified_gmt":"2021-05-14T02:49:57","slug":"areas-protegidas-reciben-a-estudiantes-para-realizar-practicas-profesionalizantes","status":"publish","type":"post","link":"https:\/\/vocesparalelas.com.ar\/sitio\/areas-protegidas-reciben-a-estudiantes-para-realizar-practicas-profesionalizantes\/","title":{"rendered":"\u00c1reas protegidas reciben a estudiantes para realizar pr\u00e1cticas profesionalizantes"},"content":{"rendered":"<p>A trav\u00e9s de la firma de un acta acuerdo celebrada el \u00faltimo 30 de abril entre la Secretar\u00eda de Estado de Ambiente y Desarrollo Sustentable y el Instituto Superior Vida Silvestre, Naturaleza y Aventura, los alumnos que se encuentren finalizando la carrera Tecnicatura Superior en Manejo y Conservaci\u00f3n en \u00c1reas Protegidas podr\u00e1n realizar sus pr\u00e1cticas profesionalizantes en las \u00e1reas protegidas administradas por la secretar\u00eda.<\/p>\n<p>La Educaci\u00f3n T\u00e9cnico Profesional de Nivel Superior permite iniciar o continuar itinerarios profesionalizantes, a trav\u00e9s de una formaci\u00f3n en \u00e1reas ocupacionales espec\u00edficas cuya complejidad requiere el dominio y la manifestaci\u00f3n de conocimientos, habilidades, destrezas, valores y actitudes profesionales que s\u00f3lo son posibles de desarrollar a trav\u00e9s de procesos de formaci\u00f3n prolongados y sistem\u00e1ticos.<\/p>\n<p>Desde este a\u00f1o, y gracias al acta acuerdo firmada entre el Instituto y la Secretar\u00eda, comienza la implementaci\u00f3n de las pr\u00e1cticas de segundo y tercer a\u00f1o de mencionada entidad educativa, que corresponden a pr\u00e1cticas formativas en las \u00e1reas naturales protegidas de la provincia.<\/p>\n<p>Para ello, se dispuso que los alumnos asistan a ciertas \u00e1reas protegidas, como el Parque Presidente Sarmiento, Loma de las Tapias, Paisaje Protegido Pedernal, La Ci\u00e9naga, Sitio Ramsar Lagunas de Guanacache, entre otras, para que los alumnos comiencen sus pr\u00e1cticas.<\/p>\n<p>El objetivo es fortalecer los procesos formativos de los estudiantes a trav\u00e9s de las pr\u00e1cticas profesionalizantes, generar en los alumnos la profundizaci\u00f3n de capacidades, conocimientos, habilidades y destrezas vinculadas a los conocimientos adquiridos durante el proceso de formaci\u00f3n, e incorporar nuevas herramientas y capacidades que les permitan lograr su incorporaci\u00f3n al sistema laboral.<\/p>\n<p>&nbsp;<\/p>\n<p>&nbsp;<\/p>\n<p>&nbsp;<\/p>\n","protected":false},"excerpt":{"rendered":"<p>A trav\u00e9s de la firma de un acta acuerdo celebrada el \u00faltimo 30 de abril entre la Secretar\u00eda de Estado<\/p>\n","protected":false},"author":3,"featured_media":37753,"comment_status":"closed","ping_status":"closed","sticky":false,"template":"","format":"standard","meta":{"_acf_changed":false,"_seopress_robots_primary_cat":"none","_seopress_titles_title":"","_seopress_titles_desc":"","_seopress_robots_index":"","colormag_page_container_layout":"default_layout","colormag_page_sidebar_layout":"default_layout","footnotes":""},"categories":[1],"tags":[],"class_list":["post-37751","post","type-post","status-publish","format-standard","has-post-thumbnail","hentry","category-destacadas"],"acf":[],"_links":{"self":[{"href":"https:\/\/vocesparalelas.com.ar\/sitio\/wp-json\/wp\/v2\/posts\/37751","targetHints":{"allow":["GET"]}}],"collection":[{"href":"https:\/\/vocesparalelas.com.ar\/sitio\/wp-json\/wp\/v2\/posts"}],"about":[{"href":"https:\/\/vocesparalelas.com.ar\/sitio\/wp-json\/wp\/v2\/types\/post"}],"author":[{"embeddable":true,"href":"https:\/\/vocesparalelas.com.ar\/sitio\/wp-json\/wp\/v2\/users\/3"}],"replies":[{"embeddable":true,"href":"https:\/\/vocesparalelas.com.ar\/sitio\/wp-json\/wp\/v2\/comments?post=37751"}],"version-history":[{"count":1,"href":"https:\/\/vocesparalelas.com.ar\/sitio\/wp-json\/wp\/v2\/posts\/37751\/revisions"}],"predecessor-version":[{"id":37754,"href":"https:\/\/vocesparalelas.com.ar\/sitio\/wp-json\/wp\/v2\/posts\/37751\/revisions\/37754"}],"wp:featuredmedia":[{"embeddable":true,"href":"https:\/\/vocesparalelas.com.ar\/sitio\/wp-json\/wp\/v2\/media\/37753"}],"wp:attachment":[{"href":"https:\/\/vocesparalelas.com.ar\/sitio\/wp-json\/wp\/v2\/media?parent=37751"}],"wp:term":[{"taxonomy":"category","embeddable":true,"href":"https:\/\/vocesparalelas.com.ar\/sitio\/wp-json\/wp\/v2\/categories?post=37751"},{"taxonomy":"post_tag","embeddable":true,"href":"https:\/\/vocesparalelas.com.ar\/sitio\/wp-json\/wp\/v2\/tags?post=37751"}],"curies":[{"name":"wp","href":"https:\/\/api.w.org\/{rel}","templated":true}]}}