{"id":37745,"date":"2021-05-13T23:12:44","date_gmt":"2021-05-14T02:12:44","guid":{"rendered":"http:\/\/vocesparalelas.com.ar\/sitio\/?p=37745"},"modified":"2021-05-15T00:16:03","modified_gmt":"2021-05-15T03:16:03","slug":"inscripcion-para-el-programa-dedicado-a-apoyar-al-arte-impulsar","status":"publish","type":"post","link":"https:\/\/vocesparalelas.com.ar\/sitio\/inscripcion-para-el-programa-dedicado-a-apoyar-al-arte-impulsar\/","title":{"rendered":"Inscripci\u00f3n para el programa dedicado a apoyar al arte \u00abImpulsAr\u00bb"},"content":{"rendered":"<p>El Ministerio de Cultura de la Naci\u00f3n prorrog\u00f3 hasta el 16 de mayo la inscripci\u00f3n al Programa Impulsar, a trav\u00e9s del cual otorga un aporte monetario \u00abexcepcional y extraordinario\u00bb a las empresas del espect\u00e1culo con dificultades financieras derivadas de las restricciones por la pandemia.<\/p>\n<p>Este programa cuenta con recursos desde 50 millones de pesos para la atenci\u00f3n del aporte previsto para los beneficiarios. Esta iniciativa, seg\u00fan la cartera de Cultura \u00abpermite a las salas de espect\u00e1culos con p\u00fablico o predios hacer frente a las dificultades financieras que conlleva el cumplimiento de las medidas sanitarias\u201d.<\/p>\n<p><span style=\"color: #ff6600;\"><strong>A qui\u00e9nes est\u00e1 dirigido<\/strong><\/span><\/p>\n<p>Pueden postularse personas tanto humanas como jur\u00eddicas, titulares de teatros, salas o predios de espect\u00e1culos con p\u00fablico legalmente autorizados para la realizaci\u00f3n de actividades esc\u00e9nicas, que hayan tenido que suspender funciones programadas de m\u00fasica en vivo, teatro, circo o danza, entre los d\u00edas 16 y 30 de abril inclusive del corriente ejercicio, en cumplimiento de las medidas dispuestas.<\/p>\n<p>Las salas o predios de espect\u00e1culo con p\u00fablico deber\u00e1n encontrarse dentro del territorio de AMBA o en aquellas jurisdicciones que se hayan adherido a las medidas implementadas por el Decreto N\u00b0 235\/2021 -con las modificaciones introducidas por el Decreto N\u00b0 241\/2021- por su situaci\u00f3n de alto riesgo epidemiol\u00f3gico y sanitario.<\/p>\n<p><span style=\"color: #ff6600;\"><strong>Cu\u00e1l es el beneficio<\/strong><\/span><\/p>\n<p>Se establecen tres categor\u00edas de beneficiarios, seg\u00fan el aforo total de las salas, asign\u00e1ndole a cada una de ellas un monto por funci\u00f3n suspendida, no pudiendo en ning\u00fan caso superarse los m\u00e1ximos consignados:<\/p>\n<p><span style=\"color: #ff6600;\"><strong>Categor\u00eda A<\/strong><\/span><\/p>\n<ul>\n<li>Aforo de 200 a 500<\/li>\n<li>Beneficio de $50.000 por funci\u00f3n<\/li>\n<li>M\u00e1ximo hasta $300.000<\/li>\n<\/ul>\n<p><span style=\"color: #ff6600;\"><strong>Categor\u00eda B<\/strong><\/span><\/p>\n<ul>\n<li>Aforo de 501 a 1500<\/li>\n<li>Beneficio de $80.000 por funci\u00f3n<\/li>\n<li>M\u00e1ximo hasta $480.000<\/li>\n<\/ul>\n<p><span style=\"color: #ff6600;\"><strong>Categor\u00eda C<\/strong><\/span><\/p>\n<ul>\n<li>Aforo de 1500 en adelante<\/li>\n<li>Beneficio de $100.000 por funci\u00f3n<\/li>\n<li>M\u00e1ximo hasta $600.000<\/li>\n<\/ul>\n<p><span style=\"color: #ff6600;\"><strong>C\u00f3mo se compone el jurado<\/strong><\/span><\/p>\n<p>La selecci\u00f3n de beneficiarios ser\u00e1 realizada por un jurado que estar\u00e1 conformado por dos funcionarios del Ministerio de Cultura, ambos con rango no inferior a director nacional y competencias vinculadas, tres especialistas, expertos de probada experiencia y amplia trayectoria en el \u00e1mbito de las industrias culturales.<\/p>\n<p><span style=\"color: #ff6600;\"><strong>C\u00f3mo se hace la postulaci\u00f3n<\/strong><\/span><\/p>\n<p><span style=\"color: #ff6600;\"><strong>Descarg\u00e1 el reglamento con bases y condiciones<\/strong><\/span><\/p>\n<p><a href=\"https:\/\/www.cultura.gob.ar\/media\/uploads\/impulsar_basesycondiciones.pdf\">https:\/\/www.cultura.gob.ar\/media\/uploads\/impulsar_basesycondiciones.pdf<\/a><\/p>\n<p><strong><span style=\"color: #ff6600;\">Ingrese al link para completar el formulario en todos sus campos<\/span><\/strong><\/p>\n<p><a href=\"https:\/\/forms.cultura.gob.ar\/index.php\/survey\/index\/sid\/814114\/new\/Y\/lang\/es\">https:\/\/forms.cultura.gob.ar\/index.php\/survey\/index\/sid\/814114\/new\/Y\/lang\/es<\/a><\/p>\n<p>Tambi\u00e9n tienes completar y adjuntar la documentaci\u00f3n que podr\u00e1s descargar en estos links:<\/p>\n<ul>\n<li><span style=\"color: #ff6600;\"><strong>Declaraci\u00f3n jurada que informe el v\u00ednculo entre el presentante y la sala o predio<\/strong><\/span><\/li>\n<\/ul>\n<p><a href=\"https:\/\/www.cultura.gob.ar\/media\/uploads\/declaracion_jurada_que_informe_el_vinculo_entre_el_presentante_y_la_sala_o_predio_1.doc\">https:\/\/www.cultura.gob.ar\/media\/uploads\/declaracion_jurada_que_informe_el_vinculo_entre_el_presentante_y_la_sala_o_predio_1.doc<\/a><\/p>\n<ul>\n<li><strong><span style=\"color: #ff6600;\">Declaraci\u00f3n jurada con detalle del aforo original de la sala por funci\u00f3n<\/span><\/strong><\/li>\n<\/ul>\n<p><a href=\"https:\/\/www.cultura.gob.ar\/media\/uploads\/declaracion_jurada_con_detalle_del_aforo_original_de_la_sala_por_funcion_cantidad_de_funciones_canceladas_o_postergadas_indicando_nombre_dia_horario_productor_es_y_o_artistas_1.doc\">https:\/\/www.cultura.gob.ar\/media\/uploads\/declaracion_jurada_con_detalle_del_aforo_original_de_la_sala_por_funcion_cantidad_de_funciones_canceladas_o_postergadas_indicando_nombre_dia_horario_productor_es_y_o_artistas_1.doc<\/a><\/p>\n<ul>\n<li><strong><span style=\"color: #ff6600;\">Conformidad a la postulaci\u00f3n emitida por el productor teatral y\/o art\u00edstico de cada espect\u00e1culo<\/span><\/strong><\/li>\n<\/ul>\n<p><a href=\"https:\/\/www.cultura.gob.ar\/media\/uploads\/conformidad_a_la_postulacion_del_presentante_emitida_por_el_productor_teatral_y_o_artistico_de_cada_espectaculo_u_obra_teatral___1.doc\">https:\/\/www.cultura.gob.ar\/media\/uploads\/conformidad_a_la_postulacion_del_presentante_emitida_por_el_productor_teatral_y_o_artistico_de_cada_espectaculo_u_obra_teatral___1.doc<\/a><\/p>\n<ul>\n<li><strong><span style=\"color: #ff6600;\">Declaracion jurada informando que el aporte extra ordinario requerido no excede el 75 % de los costos operativo de la sala o predio<\/span><\/strong><\/li>\n<\/ul>\n<p><a href=\"https:\/\/www.cultura.gob.ar\/media\/uploads\/declaracion_jurada_donde_informe_que_el_total_del_aporte_extraordinario_requerido_no_excede_del_75_setenta_y_cinco_por_ciento_de_los_costos_y_gastos_operativos_de_la_sala_o_predio.1.doc\">https:\/\/www.cultura.gob.ar\/media\/uploads\/declaracion_jurada_donde_informe_que_el_total_del_aporte_extraordinario_requerido_no_excede_del_75_setenta_y_cinco_por_ciento_de_los_costos_y_gastos_operativos_de_la_sala_o_predio.1.doc<\/a><\/p>\n<p><span style=\"color: #ff6600;\"><strong>Hasta cu\u00e1ndo se puede hacer la postulaci\u00f3n<\/strong><\/span><\/p>\n<p>La convocatoria estar\u00e1 abierta hasta el 16 de mayo.<\/p>\n<p><strong><span style=\"color: #ff6600;\">Por consultas<\/span><\/strong><\/p>\n<p><span id=\"cloakdbfd5e1be78dd51dcf7f7a456a0641de\"><a href=\"mailto:industrias.culturales@cultura.gob.ar\">industrias.culturales@cultura.gob.ar.<\/a><\/span><\/p>\n","protected":false},"excerpt":{"rendered":"<p>El Ministerio de Cultura de la Naci\u00f3n prorrog\u00f3 hasta el 16 de mayo la inscripci\u00f3n al Programa Impulsar, a trav\u00e9s<\/p>\n","protected":false},"author":3,"featured_media":37747,"comment_status":"closed","ping_status":"closed","sticky":false,"template":"","format":"standard","meta":{"_acf_changed":false,"_seopress_robots_primary_cat":"none","_seopress_titles_title":"","_seopress_titles_desc":"","_seopress_robots_index":"","colormag_page_container_layout":"default_layout","colormag_page_sidebar_layout":"default_layout","footnotes":""},"categories":[2],"tags":[],"class_list":["post-37745","post","type-post","status-publish","format-standard","has-post-thumbnail","hentry","category-convocatorias"],"acf":[],"_links":{"self":[{"href":"https:\/\/vocesparalelas.com.ar\/sitio\/wp-json\/wp\/v2\/posts\/37745","targetHints":{"allow":["GET"]}}],"collection":[{"href":"https:\/\/vocesparalelas.com.ar\/sitio\/wp-json\/wp\/v2\/posts"}],"about":[{"href":"https:\/\/vocesparalelas.com.ar\/sitio\/wp-json\/wp\/v2\/types\/post"}],"author":[{"embeddable":true,"href":"https:\/\/vocesparalelas.com.ar\/sitio\/wp-json\/wp\/v2\/users\/3"}],"replies":[{"embeddable":true,"href":"https:\/\/vocesparalelas.com.ar\/sitio\/wp-json\/wp\/v2\/comments?post=37745"}],"version-history":[{"count":1,"href":"https:\/\/vocesparalelas.com.ar\/sitio\/wp-json\/wp\/v2\/posts\/37745\/revisions"}],"predecessor-version":[{"id":37748,"href":"https:\/\/vocesparalelas.com.ar\/sitio\/wp-json\/wp\/v2\/posts\/37745\/revisions\/37748"}],"wp:featuredmedia":[{"embeddable":true,"href":"https:\/\/vocesparalelas.com.ar\/sitio\/wp-json\/wp\/v2\/media\/37747"}],"wp:attachment":[{"href":"https:\/\/vocesparalelas.com.ar\/sitio\/wp-json\/wp\/v2\/media?parent=37745"}],"wp:term":[{"taxonomy":"category","embeddable":true,"href":"https:\/\/vocesparalelas.com.ar\/sitio\/wp-json\/wp\/v2\/categories?post=37745"},{"taxonomy":"post_tag","embeddable":true,"href":"https:\/\/vocesparalelas.com.ar\/sitio\/wp-json\/wp\/v2\/tags?post=37745"}],"curies":[{"name":"wp","href":"https:\/\/api.w.org\/{rel}","templated":true}]}}