{"id":37741,"date":"2021-05-13T22:40:53","date_gmt":"2021-05-14T01:40:53","guid":{"rendered":"http:\/\/vocesparalelas.com.ar\/sitio\/?p=37741"},"modified":"2021-05-15T00:28:43","modified_gmt":"2021-05-15T03:28:43","slug":"tics-al-servicio-del-ciudadano","status":"publish","type":"post","link":"https:\/\/vocesparalelas.com.ar\/sitio\/tics-al-servicio-del-ciudadano\/","title":{"rendered":"TICs al servicio del ciudadano"},"content":{"rendered":"<p>El Gobierno de San Juan junto a la Uni\u00f3n Iberoamericana de Municipalistas llevan a delante desde el 2016 un proceso de planificaci\u00f3n estrat\u00e9gica donde la con participaci\u00f3n ciudadana es uno de los ejes fundamentales. Este proceso se vio afectado durante el 2020 debido a las restricciones impuestas por la pandemia del COVID19, que no permiten reuniones de muchas personas y utilizaci\u00f3n de elementos, transmisores del virus.<\/p>\n<p>Innovar y adaptar en todo momento las herramientas de planificaci\u00f3n al contexto global y a las realidades y necesidades de cada departamento, es una de las caracter\u00edsticas del equipo de personas que articulan y facilitan los procesos de planificaci\u00f3n estrat\u00e9gica del gobierno.<\/p>\n<p>\u201cDesde el minuto cero, los planes estrat\u00e9gicos se van construyendo junto a los ciudadanos\u201d, afirm\u00f3, Fernando Guerrero, coordinador de los planes departamentales y miembro del Comit\u00e9 ejecutivo del CoPESJ, y explic\u00f3, \u201cpero la pandemia, nos oblig\u00f3 a innovar en la metodolog\u00eda que est\u00e1bamos utilizando ya que propiciaba reuniones presenciales, para efectivizar los di\u00e1logos y b\u00fasqueda de los consensos tan necesarios cuando se planifica al mediano y largo plazo\u201d.<\/p>\n<p><span style=\"color: #339966;\"><strong>Peque\u00f1as reuniones y TICs al servicio del ciudadano<\/strong><\/span><\/p>\n<p>Hoy, no es posible realizar reuniones con varias personas y por ello no se pueden propiciar los foros ciudadanos que eran instancias de m\u00e1s de 100 personas que durante cuatro horas analizaban el diagnostico departamental y propon\u00edan proyectos y manifestaban sus deseos y expectativas de c\u00f3mo vivir de cara al futuro. Por ello el equipo de CoPESJ y UIM reemplazaron dichas actividades con herramientas virtuales de participaci\u00f3n que se complementar\u00e1n con encuentros presenciales m\u00e1s reducidos, donde participan referentes de los diferentes sectores socioecon\u00f3micos de cada departamento; por ejemplo, los referentes del \u00e1rea de la salud, educaci\u00f3n, comercio, producci\u00f3n, cultura, etc, etc , \u201cquienes esperamos que se conviertan en multiplicadores bajo la premisa que nadie quede afuera de este proceso\u201d, explic\u00f3 el funcionario.<\/p>\n<p>Los ciudadanos de cada departamento, recibir\u00e1n por su celular y redes sociales de los municipios, la informaci\u00f3n de los puntos centrales que surgieron del primer avance de diagn\u00f3stico a trav\u00e9s de mensajes claros como disparadores para que el ciudadano pueda realizar su aporte a trav\u00e9s de un formulario digital de f\u00e1cil acceso. Esto tambi\u00e9n posibilitar\u00e1 al equipo de planificaci\u00f3n detectar los posibles proyectos que conduzcan al modelo de departamento deseado por los propios ciudadanos.<\/p>\n<p>El equipo que trabaja en la construcci\u00f3n colectiva de dichos planes departamentales lo integran, Andr\u00e9s Bloch; Eliana Salazar; Macarena Murgic; Magdalena Ghiotti ; Mar\u00eda Soledad Echevarr\u00eda ; Sof\u00eda Porolli y . Como referentes departamentales: Valentina Palmero (Albard\u00f3n), Norberto D\u00edaz (Caucete), B\u00e1rbara Moreira (San Mart\u00edn) y Sandra Chamorro (9 de Julio).<\/p>\n<p>&nbsp;<\/p>\n<p>&nbsp;<\/p>\n","protected":false},"excerpt":{"rendered":"<p>El Gobierno de San Juan junto a la Uni\u00f3n Iberoamericana de Municipalistas llevan a delante desde el 2016 un proceso<\/p>\n","protected":false},"author":3,"featured_media":37743,"comment_status":"closed","ping_status":"closed","sticky":false,"template":"","format":"standard","meta":{"_acf_changed":false,"_seopress_robots_primary_cat":"none","_seopress_titles_title":"","_seopress_titles_desc":"","_seopress_robots_index":"","colormag_page_container_layout":"default_layout","colormag_page_sidebar_layout":"default_layout","footnotes":""},"categories":[6],"tags":[],"class_list":["post-37741","post","type-post","status-publish","format-standard","has-post-thumbnail","hentry","category-eventos"],"acf":[],"_links":{"self":[{"href":"https:\/\/vocesparalelas.com.ar\/sitio\/wp-json\/wp\/v2\/posts\/37741","targetHints":{"allow":["GET"]}}],"collection":[{"href":"https:\/\/vocesparalelas.com.ar\/sitio\/wp-json\/wp\/v2\/posts"}],"about":[{"href":"https:\/\/vocesparalelas.com.ar\/sitio\/wp-json\/wp\/v2\/types\/post"}],"author":[{"embeddable":true,"href":"https:\/\/vocesparalelas.com.ar\/sitio\/wp-json\/wp\/v2\/users\/3"}],"replies":[{"embeddable":true,"href":"https:\/\/vocesparalelas.com.ar\/sitio\/wp-json\/wp\/v2\/comments?post=37741"}],"version-history":[{"count":1,"href":"https:\/\/vocesparalelas.com.ar\/sitio\/wp-json\/wp\/v2\/posts\/37741\/revisions"}],"predecessor-version":[{"id":37744,"href":"https:\/\/vocesparalelas.com.ar\/sitio\/wp-json\/wp\/v2\/posts\/37741\/revisions\/37744"}],"wp:featuredmedia":[{"embeddable":true,"href":"https:\/\/vocesparalelas.com.ar\/sitio\/wp-json\/wp\/v2\/media\/37743"}],"wp:attachment":[{"href":"https:\/\/vocesparalelas.com.ar\/sitio\/wp-json\/wp\/v2\/media?parent=37741"}],"wp:term":[{"taxonomy":"category","embeddable":true,"href":"https:\/\/vocesparalelas.com.ar\/sitio\/wp-json\/wp\/v2\/categories?post=37741"},{"taxonomy":"post_tag","embeddable":true,"href":"https:\/\/vocesparalelas.com.ar\/sitio\/wp-json\/wp\/v2\/tags?post=37741"}],"curies":[{"name":"wp","href":"https:\/\/api.w.org\/{rel}","templated":true}]}}