{"id":37730,"date":"2021-05-13T20:15:37","date_gmt":"2021-05-13T23:15:37","guid":{"rendered":"http:\/\/vocesparalelas.com.ar\/sitio\/?p=37730"},"modified":"2021-05-13T20:15:37","modified_gmt":"2021-05-13T23:15:37","slug":"mas-mesas-digitales-para-el-rincon-de-los-eni-de-san-juan","status":"publish","type":"post","link":"https:\/\/vocesparalelas.com.ar\/sitio\/mas-mesas-digitales-para-el-rincon-de-los-eni-de-san-juan\/","title":{"rendered":"M\u00e1s mesas digitales para el Rinc\u00f3n de los ENI de San Juan"},"content":{"rendered":"<p>Educaci\u00f3n Inicial culmin\u00f3 la entrega de mesas digitales para la ampliaci\u00f3n del Rinc\u00f3n Digital en Jardines de Infantes de gesti\u00f3n estatal. Tras la gesti\u00f3n del ministro de Educaci\u00f3n, Lic. Felipe De Los R\u00edos con la decisi\u00f3n del gobernador de San Juan, Dr. Sergio U\u00f1ac y el financiamiento del Ministerio de Miner\u00eda, se consolid\u00f3 la mejora de la calidad educativa a pesar de las complejidades originadas por la pandemia.<\/p>\n<p>Cabe recordar que a trav\u00e9s del trabajo conjunto y articulado entre los ministerios de Educaci\u00f3n y Miner\u00eda, se logr\u00f3 entre el 2017-2019 el equipamiento digital en todos los Jardines de Infantes de gesti\u00f3n estatal entregando 332 mesas digitales y 4200 tablets, cubriendo la totalidad de las instituciones desde las zonas rurales, urbano marginal y urbano de toda la jurisdicci\u00f3n educativa.<\/p>\n<p><img loading=\"lazy\" decoding=\"async\" class=\"alignnone wp-image-37736 size-full\" src=\"https:\/\/vocesparalelas.com.ar\/sitio\/wp-content\/uploads\/2021\/05\/eni-mesas-05.jpg\" alt=\"\" width=\"800\" height=\"470\" srcset=\"https:\/\/vocesparalelas.com.ar\/sitio\/wp-content\/uploads\/2021\/05\/eni-mesas-05.jpg 800w, https:\/\/vocesparalelas.com.ar\/sitio\/wp-content\/uploads\/2021\/05\/eni-mesas-05-300x176.jpg 300w, https:\/\/vocesparalelas.com.ar\/sitio\/wp-content\/uploads\/2021\/05\/eni-mesas-05-768x451.jpg 768w\" sizes=\"auto, (max-width: 800px) 100vw, 800px\" \/><\/p>\n<p><img loading=\"lazy\" decoding=\"async\" class=\"alignnone wp-image-37733 size-full\" src=\"https:\/\/vocesparalelas.com.ar\/sitio\/wp-content\/uploads\/2021\/05\/ENI-MESAS-01.jpg\" alt=\"\" width=\"800\" height=\"478\" srcset=\"https:\/\/vocesparalelas.com.ar\/sitio\/wp-content\/uploads\/2021\/05\/ENI-MESAS-01.jpg 800w, https:\/\/vocesparalelas.com.ar\/sitio\/wp-content\/uploads\/2021\/05\/ENI-MESAS-01-300x179.jpg 300w, https:\/\/vocesparalelas.com.ar\/sitio\/wp-content\/uploads\/2021\/05\/ENI-MESAS-01-768x459.jpg 768w\" sizes=\"auto, (max-width: 800px) 100vw, 800px\" \/><\/p>\n<p>En enero del 2021, el gobernador de San Juan, Dr. Sergio U\u00f1ac junto a los ministros de Educaci\u00f3n de Naci\u00f3n, Dr. Nicol\u00e1s Trotta y provincial, Lic. Felipe De Los R\u00edos anunciaron una nueva entrega de 332 mesas digitales para incorporar a las escuelas cuya matr\u00edcula era superior a los 70 alumnos, para que pudiesen utilizar con mayor frecuencia los equipos en el aula.<\/p>\n<p>El 19 de abril las directoras de Educaci\u00f3n Especial e Inicial entregaron de 10 mesas digitales a Jardines de Educaci\u00f3n Especial. Y luego se continu\u00f3 con la distribuci\u00f3n en las escuelas de Nivel Inicial de los 19 departamentos. Actualmente los Jardines de Infantes de gesti\u00f3n estatal de la provincia cuentan con 664 mesas digitales.<\/p>\n<p><span style=\"color: #339966;\"><strong>El Rinc\u00f3n Digital y las mesas digitales<\/strong><\/span><\/p>\n<p>El prop\u00f3sito del Rinc\u00f3n Digital es iniciar a los chicos en la alfabetizaci\u00f3n y competencias digitalizadas, el desarrollo del pensamiento computacional, incorporando los lenguajes tecnol\u00f3gicos al Nivel Inicial de la educaci\u00f3n formal.<\/p>\n<p><img loading=\"lazy\" decoding=\"async\" class=\"alignnone wp-image-37737 size-full\" src=\"https:\/\/vocesparalelas.com.ar\/sitio\/wp-content\/uploads\/2021\/05\/eni-mesas-06.jpg\" alt=\"\" width=\"800\" height=\"450\" srcset=\"https:\/\/vocesparalelas.com.ar\/sitio\/wp-content\/uploads\/2021\/05\/eni-mesas-06.jpg 800w, https:\/\/vocesparalelas.com.ar\/sitio\/wp-content\/uploads\/2021\/05\/eni-mesas-06-300x169.jpg 300w, https:\/\/vocesparalelas.com.ar\/sitio\/wp-content\/uploads\/2021\/05\/eni-mesas-06-768x432.jpg 768w\" sizes=\"auto, (max-width: 800px) 100vw, 800px\" \/><\/p>\n<p><img loading=\"lazy\" decoding=\"async\" class=\"alignnone wp-image-37735 size-full\" src=\"https:\/\/vocesparalelas.com.ar\/sitio\/wp-content\/uploads\/2021\/05\/ENI-MESAS-03.jpg\" alt=\"\" width=\"800\" height=\"600\" srcset=\"https:\/\/vocesparalelas.com.ar\/sitio\/wp-content\/uploads\/2021\/05\/ENI-MESAS-03.jpg 800w, https:\/\/vocesparalelas.com.ar\/sitio\/wp-content\/uploads\/2021\/05\/ENI-MESAS-03-300x225.jpg 300w, https:\/\/vocesparalelas.com.ar\/sitio\/wp-content\/uploads\/2021\/05\/ENI-MESAS-03-768x576.jpg 768w\" sizes=\"auto, (max-width: 800px) 100vw, 800px\" \/><\/p>\n<p>Las mesas digitales son una propuesta atractiva, desafiante y significativa para la Educaci\u00f3n Inicial, favoreciendo la incorporaci\u00f3n de nociones y principios de la computaci\u00f3n en general y de la rob\u00f3tica en particular. Estas herramientas le permiten a los alumnos desplegar su capacidad de aprender haciendo; adem\u00e1s, la inmediatez en los resultados les genera un impacto cognitivo positivo que favorece el aprendizaje.<\/p>\n<p><img loading=\"lazy\" decoding=\"async\" class=\"alignnone wp-image-37738 size-full\" src=\"https:\/\/vocesparalelas.com.ar\/sitio\/wp-content\/uploads\/2021\/05\/eni-mesas-07.jpg\" alt=\"\" width=\"800\" height=\"600\" srcset=\"https:\/\/vocesparalelas.com.ar\/sitio\/wp-content\/uploads\/2021\/05\/eni-mesas-07.jpg 800w, https:\/\/vocesparalelas.com.ar\/sitio\/wp-content\/uploads\/2021\/05\/eni-mesas-07-300x225.jpg 300w, https:\/\/vocesparalelas.com.ar\/sitio\/wp-content\/uploads\/2021\/05\/eni-mesas-07-768x576.jpg 768w\" sizes=\"auto, (max-width: 800px) 100vw, 800px\" \/><\/p>\n<p><img loading=\"lazy\" decoding=\"async\" class=\"alignnone wp-image-37732 size-full\" src=\"https:\/\/vocesparalelas.com.ar\/sitio\/wp-content\/uploads\/2021\/05\/eni-mesas-08.jpg\" alt=\"\" width=\"800\" height=\"600\" srcset=\"https:\/\/vocesparalelas.com.ar\/sitio\/wp-content\/uploads\/2021\/05\/eni-mesas-08.jpg 800w, https:\/\/vocesparalelas.com.ar\/sitio\/wp-content\/uploads\/2021\/05\/eni-mesas-08-300x225.jpg 300w, https:\/\/vocesparalelas.com.ar\/sitio\/wp-content\/uploads\/2021\/05\/eni-mesas-08-768x576.jpg 768w\" sizes=\"auto, (max-width: 800px) 100vw, 800px\" \/><\/p>\n<p>&nbsp;<\/p>\n","protected":false},"excerpt":{"rendered":"<p>Educaci\u00f3n Inicial culmin\u00f3 la entrega de mesas digitales para la ampliaci\u00f3n del Rinc\u00f3n Digital en Jardines de Infantes de gesti\u00f3n<\/p>\n","protected":false},"author":3,"featured_media":37734,"comment_status":"closed","ping_status":"closed","sticky":false,"template":"","format":"standard","meta":{"_acf_changed":false,"_seopress_robots_primary_cat":"none","_seopress_titles_title":"","_seopress_titles_desc":"","_seopress_robots_index":"","colormag_page_container_layout":"default_layout","colormag_page_sidebar_layout":"default_layout","footnotes":""},"categories":[1],"tags":[],"class_list":["post-37730","post","type-post","status-publish","format-standard","has-post-thumbnail","hentry","category-destacadas"],"acf":[],"_links":{"self":[{"href":"https:\/\/vocesparalelas.com.ar\/sitio\/wp-json\/wp\/v2\/posts\/37730","targetHints":{"allow":["GET"]}}],"collection":[{"href":"https:\/\/vocesparalelas.com.ar\/sitio\/wp-json\/wp\/v2\/posts"}],"about":[{"href":"https:\/\/vocesparalelas.com.ar\/sitio\/wp-json\/wp\/v2\/types\/post"}],"author":[{"embeddable":true,"href":"https:\/\/vocesparalelas.com.ar\/sitio\/wp-json\/wp\/v2\/users\/3"}],"replies":[{"embeddable":true,"href":"https:\/\/vocesparalelas.com.ar\/sitio\/wp-json\/wp\/v2\/comments?post=37730"}],"version-history":[{"count":1,"href":"https:\/\/vocesparalelas.com.ar\/sitio\/wp-json\/wp\/v2\/posts\/37730\/revisions"}],"predecessor-version":[{"id":37739,"href":"https:\/\/vocesparalelas.com.ar\/sitio\/wp-json\/wp\/v2\/posts\/37730\/revisions\/37739"}],"wp:featuredmedia":[{"embeddable":true,"href":"https:\/\/vocesparalelas.com.ar\/sitio\/wp-json\/wp\/v2\/media\/37734"}],"wp:attachment":[{"href":"https:\/\/vocesparalelas.com.ar\/sitio\/wp-json\/wp\/v2\/media?parent=37730"}],"wp:term":[{"taxonomy":"category","embeddable":true,"href":"https:\/\/vocesparalelas.com.ar\/sitio\/wp-json\/wp\/v2\/categories?post=37730"},{"taxonomy":"post_tag","embeddable":true,"href":"https:\/\/vocesparalelas.com.ar\/sitio\/wp-json\/wp\/v2\/tags?post=37730"}],"curies":[{"name":"wp","href":"https:\/\/api.w.org\/{rel}","templated":true}]}}